
{"id":94058,"date":"2021-04-02T09:25:39","date_gmt":"2021-04-02T12:25:39","guid":{"rendered":"https:\/\/www.sudoestehoje.com.br\/novoportal\/?p=94058"},"modified":"2021-04-02T09:25:39","modified_gmt":"2021-04-02T12:25:39","slug":"base-aliada-de-rui-considera-improvavel-wagner-derrotar-acm-neto-em-2022","status":"publish","type":"post","link":"https:\/\/www.sudoestehoje.com.br\/novoportal\/2021\/04\/02\/base-aliada-de-rui-considera-improvavel-wagner-derrotar-acm-neto-em-2022\/","title":{"rendered":"BASE ALIADA DE RUI CONSIDERA IMPROV\u00c1VEL WAGNER DERROTAR ACM NETO EM 2022"},"content":{"rendered":"<p><a href=\"https:\/\/www.sudoestehoje.com.br\/novoportal\/wp-content\/uploads\/2021\/04\/Acmneto-e-wagner-1000x530-1.jpeg\"><img loading=\"lazy\" decoding=\"async\" class=\"aligncenter size-medium wp-image-94061\" src=\"https:\/\/www.sudoestehoje.com.br\/novoportal\/wp-content\/uploads\/2021\/04\/Acmneto-e-wagner-1000x530-1-500x265.jpeg\" alt=\"\" width=\"500\" height=\"265\" srcset=\"https:\/\/www.sudoestehoje.com.br\/novoportal\/wp-content\/uploads\/2021\/04\/Acmneto-e-wagner-1000x530-1-500x265.jpeg 500w, https:\/\/www.sudoestehoje.com.br\/novoportal\/wp-content\/uploads\/2021\/04\/Acmneto-e-wagner-1000x530-1-700x371.jpeg 700w, https:\/\/www.sudoestehoje.com.br\/novoportal\/wp-content\/uploads\/2021\/04\/Acmneto-e-wagner-1000x530-1-768x407.jpeg 768w, https:\/\/www.sudoestehoje.com.br\/novoportal\/wp-content\/uploads\/2021\/04\/Acmneto-e-wagner-1000x530-1.jpeg 1000w\" sizes=\"auto, (max-width: 500px) 100vw, 500px\" \/><\/a><\/p>\n<p>L\u00edderes governistas avaliam que o senador Jaques Wagner (PT) teria poucas chances de derrotar o ex-prefeito ACM Neto (DEM) em um eventual disputa para o governo da Bahia em 2022.<\/p>\n<p>Segundo a coluna Sat\u00e9lite, do\u00a0<em>Correio*<\/em>, os aliados tomaram com base pesquisas para consumo interno que mostra uma larga vantagem de Neto sobre Wagner (varia\u00e7\u00e3o em terno de 25 e 30 pontos percentuais).<\/p>\n<p>Mas, para al\u00e9m da vantagem num\u00e9rica, a base aliada leva em conta, para essa an\u00e1lise, o alto \u00edndice de rejei\u00e7\u00e3o atribu\u00eddo ao senador em todos os \u00faltimos levantamentos encomendados por legendas alinhadas ao PT da Bahia.<\/p>\n","protected":false},"excerpt":{"rendered":"<p>L\u00edderes governistas avaliam que o senador Jaques Wagner (PT) teria poucas chances de derrotar o ex-prefeito ACM Neto (DEM) em um eventual disputa para o governo da Bahia em 2022. Segundo a coluna Sat\u00e9lite, do\u00a0Correio*, os aliados tomaram com base pesquisas para consumo interno que mostra uma larga vantagem de Neto sobre Wagner (varia\u00e7\u00e3o em [&hellip;]<\/p>\n","protected":false},"author":2,"featured_media":94061,"comment_status":"open","ping_status":"open","sticky":false,"template":"","format":"standard","meta":{"footnotes":"","_links_to":"","_links_to_target":""},"categories":[1],"tags":[],"class_list":["post-94058","post","type-post","status-publish","format-standard","has-post-thumbnail","hentry","category-geral"],"views":883,"_links":{"self":[{"href":"https:\/\/www.sudoestehoje.com.br\/novoportal\/wp-json\/wp\/v2\/posts\/94058","targetHints":{"allow":["GET"]}}],"collection":[{"href":"https:\/\/www.sudoestehoje.com.br\/novoportal\/wp-json\/wp\/v2\/posts"}],"about":[{"href":"https:\/\/www.sudoestehoje.com.br\/novoportal\/wp-json\/wp\/v2\/types\/post"}],"author":[{"embeddable":true,"href":"https:\/\/www.sudoestehoje.com.br\/novoportal\/wp-json\/wp\/v2\/users\/2"}],"replies":[{"embeddable":true,"href":"https:\/\/www.sudoestehoje.com.br\/novoportal\/wp-json\/wp\/v2\/comments?post=94058"}],"version-history":[{"count":3,"href":"https:\/\/www.sudoestehoje.com.br\/novoportal\/wp-json\/wp\/v2\/posts\/94058\/revisions"}],"predecessor-version":[{"id":94062,"href":"https:\/\/www.sudoestehoje.com.br\/novoportal\/wp-json\/wp\/v2\/posts\/94058\/revisions\/94062"}],"wp:featuredmedia":[{"embeddable":true,"href":"https:\/\/www.sudoestehoje.com.br\/novoportal\/wp-json\/wp\/v2\/media\/94061"}],"wp:attachment":[{"href":"https:\/\/www.sudoestehoje.com.br\/novoportal\/wp-json\/wp\/v2\/media?parent=94058"}],"wp:term":[{"taxonomy":"category","embeddable":true,"href":"https:\/\/www.sudoestehoje.com.br\/novoportal\/wp-json\/wp\/v2\/categories?post=94058"},{"taxonomy":"post_tag","embeddable":true,"href":"https:\/\/www.sudoestehoje.com.br\/novoportal\/wp-json\/wp\/v2\/tags?post=94058"}],"curies":[{"name":"wp","href":"https:\/\/api.w.org\/{rel}","templated":true}]}}