
{"id":94044,"date":"2021-04-01T18:07:39","date_gmt":"2021-04-01T21:07:39","guid":{"rendered":"https:\/\/www.sudoestehoje.com.br\/novoportal\/?p=94044"},"modified":"2021-04-01T18:11:51","modified_gmt":"2021-04-01T21:11:51","slug":"ibicui-se-destaca-como-uma-das-cidades-baianas-qua-mais-avancaram-na-meta-de-vacinacao-contra-covid-19","status":"publish","type":"post","link":"https:\/\/www.sudoestehoje.com.br\/novoportal\/2021\/04\/01\/ibicui-se-destaca-como-uma-das-cidades-baianas-qua-mais-avancaram-na-meta-de-vacinacao-contra-covid-19\/","title":{"rendered":"IBICU\u00cd SE DESTACA COMO UMA DAS CIDADES BAIANAS QUE MAIS AVAN\u00c7ARAM NA META DE VACINA\u00c7\u00c3O CONTRA COVID-19"},"content":{"rendered":"<p><a href=\"https:\/\/www.sudoestehoje.com.br\/novoportal\/wp-content\/uploads\/2021\/04\/IBICU\u00cd.jpeg\"><img loading=\"lazy\" decoding=\"async\" class=\"aligncenter size-medium wp-image-94045\" src=\"https:\/\/www.sudoestehoje.com.br\/novoportal\/wp-content\/uploads\/2021\/04\/IBICU\u00cd-500x281.jpeg\" alt=\"\" width=\"500\" height=\"281\" srcset=\"https:\/\/www.sudoestehoje.com.br\/novoportal\/wp-content\/uploads\/2021\/04\/IBICU\u00cd-500x281.jpeg 500w, https:\/\/www.sudoestehoje.com.br\/novoportal\/wp-content\/uploads\/2021\/04\/IBICU\u00cd-700x394.jpeg 700w, https:\/\/www.sudoestehoje.com.br\/novoportal\/wp-content\/uploads\/2021\/04\/IBICU\u00cd-768x432.jpeg 768w, https:\/\/www.sudoestehoje.com.br\/novoportal\/wp-content\/uploads\/2021\/04\/IBICU\u00cd.jpeg 1280w\" sizes=\"auto, (max-width: 500px) 100vw, 500px\" \/><\/a><\/p>\n<p>Com uma popula\u00e7\u00e3o maior que 16 mil habitantes, Ibicu\u00ed tem ganhado destaque no M\u00e9dio Sudoeste pela celeridade na aplica\u00e7\u00e3o das vacinas contra a Covid-19 e lan\u00e7amento dos dados, contemplando os grupos priorit\u00e1rios da sede, distritos e zona rural.<\/p>\n<p>Desde o dia 19 de janeiro, quando as primeiras vacinas chegaram ao munic\u00edpio, j\u00e1 foram aplicadas 2.450 doses, ultrapassando o percentual de 100%.<\/p>\n<p>Esse resultado \u00e9 reflexo da efici\u00eancia e planejamento de a\u00e7\u00f5es dos profissionais de sa\u00fade que n\u00e3o medem esfor\u00e7os para imunizar a popula\u00e7\u00e3o.<\/p>\n<p>Para as pr\u00f3ximas etapas da campanha, que ter\u00e3o p\u00fablico-alvo maior, novas estrat\u00e9gias j\u00e1 est\u00e3o sendo estudadas pela Secretaria Municipal de Sa\u00fade, a fim de garantir maior conforto e seguran\u00e7a aos grupos priorit\u00e1rios, durante a vacina\u00e7\u00e3o. <strong><em>\/\/Ascom\u00a0<\/em><\/strong><\/p>\n","protected":false},"excerpt":{"rendered":"<p>Com uma popula\u00e7\u00e3o maior que 16 mil habitantes, Ibicu\u00ed tem ganhado destaque no M\u00e9dio Sudoeste pela celeridade na aplica\u00e7\u00e3o das vacinas contra a Covid-19 e lan\u00e7amento dos dados, contemplando os grupos priorit\u00e1rios da sede, distritos e zona rural. Desde o dia 19 de janeiro, quando as primeiras vacinas chegaram ao munic\u00edpio, j\u00e1 foram aplicadas 2.450 [&hellip;]<\/p>\n","protected":false},"author":2,"featured_media":94045,"comment_status":"open","ping_status":"open","sticky":false,"template":"","format":"standard","meta":{"footnotes":"","_links_to":"","_links_to_target":""},"categories":[1],"tags":[],"class_list":["post-94044","post","type-post","status-publish","format-standard","has-post-thumbnail","hentry","category-geral"],"views":1489,"_links":{"self":[{"href":"https:\/\/www.sudoestehoje.com.br\/novoportal\/wp-json\/wp\/v2\/posts\/94044","targetHints":{"allow":["GET"]}}],"collection":[{"href":"https:\/\/www.sudoestehoje.com.br\/novoportal\/wp-json\/wp\/v2\/posts"}],"about":[{"href":"https:\/\/www.sudoestehoje.com.br\/novoportal\/wp-json\/wp\/v2\/types\/post"}],"author":[{"embeddable":true,"href":"https:\/\/www.sudoestehoje.com.br\/novoportal\/wp-json\/wp\/v2\/users\/2"}],"replies":[{"embeddable":true,"href":"https:\/\/www.sudoestehoje.com.br\/novoportal\/wp-json\/wp\/v2\/comments?post=94044"}],"version-history":[{"count":4,"href":"https:\/\/www.sudoestehoje.com.br\/novoportal\/wp-json\/wp\/v2\/posts\/94044\/revisions"}],"predecessor-version":[{"id":94050,"href":"https:\/\/www.sudoestehoje.com.br\/novoportal\/wp-json\/wp\/v2\/posts\/94044\/revisions\/94050"}],"wp:featuredmedia":[{"embeddable":true,"href":"https:\/\/www.sudoestehoje.com.br\/novoportal\/wp-json\/wp\/v2\/media\/94045"}],"wp:attachment":[{"href":"https:\/\/www.sudoestehoje.com.br\/novoportal\/wp-json\/wp\/v2\/media?parent=94044"}],"wp:term":[{"taxonomy":"category","embeddable":true,"href":"https:\/\/www.sudoestehoje.com.br\/novoportal\/wp-json\/wp\/v2\/categories?post=94044"},{"taxonomy":"post_tag","embeddable":true,"href":"https:\/\/www.sudoestehoje.com.br\/novoportal\/wp-json\/wp\/v2\/tags?post=94044"}],"curies":[{"name":"wp","href":"https:\/\/api.w.org\/{rel}","templated":true}]}}