
{"id":94022,"date":"2021-03-31T22:42:25","date_gmt":"2021-04-01T01:42:25","guid":{"rendered":"https:\/\/www.sudoestehoje.com.br\/novoportal\/?p=94022"},"modified":"2021-03-31T22:43:32","modified_gmt":"2021-04-01T01:43:32","slug":"apresentador-da-tv-bahia-danilo-ribeiro-e-internado-com-covid-19","status":"publish","type":"post","link":"https:\/\/www.sudoestehoje.com.br\/novoportal\/2021\/03\/31\/apresentador-da-tv-bahia-danilo-ribeiro-e-internado-com-covid-19\/","title":{"rendered":"APRESENTADOR DA TV BAHIA, DANILO RIBEIRO, \u00c9 INTERNADO COM COVID-19"},"content":{"rendered":"<p><a href=\"https:\/\/www.sudoestehoje.com.br\/novoportal\/wp-content\/uploads\/2021\/03\/csm_3danilo_ribeiro_apresentador_globo_esporte_bahia_tv_bahia_globo_foto_reproducao_dd8aad4c2e.jpg\"><img loading=\"lazy\" decoding=\"async\" class=\"aligncenter size-medium wp-image-94023\" src=\"https:\/\/www.sudoestehoje.com.br\/novoportal\/wp-content\/uploads\/2021\/03\/csm_3danilo_ribeiro_apresentador_globo_esporte_bahia_tv_bahia_globo_foto_reproducao_dd8aad4c2e-500x311.jpg\" alt=\"\" width=\"500\" height=\"311\" srcset=\"https:\/\/www.sudoestehoje.com.br\/novoportal\/wp-content\/uploads\/2021\/03\/csm_3danilo_ribeiro_apresentador_globo_esporte_bahia_tv_bahia_globo_foto_reproducao_dd8aad4c2e-500x311.jpg 500w, https:\/\/www.sudoestehoje.com.br\/novoportal\/wp-content\/uploads\/2021\/03\/csm_3danilo_ribeiro_apresentador_globo_esporte_bahia_tv_bahia_globo_foto_reproducao_dd8aad4c2e-700x436.jpg 700w, https:\/\/www.sudoestehoje.com.br\/novoportal\/wp-content\/uploads\/2021\/03\/csm_3danilo_ribeiro_apresentador_globo_esporte_bahia_tv_bahia_globo_foto_reproducao_dd8aad4c2e-768x478.jpg 768w, https:\/\/www.sudoestehoje.com.br\/novoportal\/wp-content\/uploads\/2021\/03\/csm_3danilo_ribeiro_apresentador_globo_esporte_bahia_tv_bahia_globo_foto_reproducao_dd8aad4c2e.jpg 940w\" sizes=\"auto, (max-width: 500px) 100vw, 500px\" \/><\/a><\/p>\n<p class=\"bodytext\">O jornalista Danilo Ribeiro, que apresenta o Globo Esporte Bahia, na TV Bahia (Rede Globo), foi internado nos \u00faltimos dias ap\u00f3s ter complica\u00e7\u00f5es da covid-19, doen\u00e7a que descobriu recentemente.<\/p>\n<p class=\"bodytext\">Ele chegou a apresentar o programa at\u00e9 o dia 24 de mar\u00e7o, antes de ser afastado.<\/p>\n<p class=\"bodytext\">A doen\u00e7a evoluiu r\u00e1pido. Segundo o Al\u00f4 Al\u00f4 apurou, ele deu entrada numa unidade m\u00e9dica de Salvador com baixa satura\u00e7\u00e3o e 50% do pulm\u00e3o comprometido. Danilo chegou a ser colocado no oxig\u00eanio, o que fez a satura\u00e7\u00e3o melhorar e ele segue em tratamento.<\/p>\n<p class=\"bodytext\">Al\u00e9m de Danilo Ribeiro, outros colegas de TV Bahia dele tamb\u00e9m j\u00e1 tiveram a doen\u00e7a, como Camila Marinho, Luana Assiz e Mauro Anchieta, todos j\u00e1 curados. <em>\/\/Correio<\/em><\/p>\n","protected":false},"excerpt":{"rendered":"<p>O jornalista Danilo Ribeiro, que apresenta o Globo Esporte Bahia, na TV Bahia (Rede Globo), foi internado nos \u00faltimos dias ap\u00f3s ter complica\u00e7\u00f5es da covid-19, doen\u00e7a que descobriu recentemente. Ele chegou a apresentar o programa at\u00e9 o dia 24 de mar\u00e7o, antes de ser afastado. A doen\u00e7a evoluiu r\u00e1pido. Segundo o Al\u00f4 Al\u00f4 apurou, ele [&hellip;]<\/p>\n","protected":false},"author":2,"featured_media":94023,"comment_status":"open","ping_status":"open","sticky":false,"template":"","format":"standard","meta":{"footnotes":"","_links_to":"","_links_to_target":""},"categories":[1],"tags":[],"class_list":["post-94022","post","type-post","status-publish","format-standard","has-post-thumbnail","hentry","category-geral"],"views":1198,"_links":{"self":[{"href":"https:\/\/www.sudoestehoje.com.br\/novoportal\/wp-json\/wp\/v2\/posts\/94022","targetHints":{"allow":["GET"]}}],"collection":[{"href":"https:\/\/www.sudoestehoje.com.br\/novoportal\/wp-json\/wp\/v2\/posts"}],"about":[{"href":"https:\/\/www.sudoestehoje.com.br\/novoportal\/wp-json\/wp\/v2\/types\/post"}],"author":[{"embeddable":true,"href":"https:\/\/www.sudoestehoje.com.br\/novoportal\/wp-json\/wp\/v2\/users\/2"}],"replies":[{"embeddable":true,"href":"https:\/\/www.sudoestehoje.com.br\/novoportal\/wp-json\/wp\/v2\/comments?post=94022"}],"version-history":[{"count":2,"href":"https:\/\/www.sudoestehoje.com.br\/novoportal\/wp-json\/wp\/v2\/posts\/94022\/revisions"}],"predecessor-version":[{"id":94025,"href":"https:\/\/www.sudoestehoje.com.br\/novoportal\/wp-json\/wp\/v2\/posts\/94022\/revisions\/94025"}],"wp:featuredmedia":[{"embeddable":true,"href":"https:\/\/www.sudoestehoje.com.br\/novoportal\/wp-json\/wp\/v2\/media\/94023"}],"wp:attachment":[{"href":"https:\/\/www.sudoestehoje.com.br\/novoportal\/wp-json\/wp\/v2\/media?parent=94022"}],"wp:term":[{"taxonomy":"category","embeddable":true,"href":"https:\/\/www.sudoestehoje.com.br\/novoportal\/wp-json\/wp\/v2\/categories?post=94022"},{"taxonomy":"post_tag","embeddable":true,"href":"https:\/\/www.sudoestehoje.com.br\/novoportal\/wp-json\/wp\/v2\/tags?post=94022"}],"curies":[{"name":"wp","href":"https:\/\/api.w.org\/{rel}","templated":true}]}}