
{"id":94018,"date":"2021-03-31T18:21:40","date_gmt":"2021-03-31T21:21:40","guid":{"rendered":"https:\/\/www.sudoestehoje.com.br\/novoportal\/?p=94018"},"modified":"2021-03-31T18:21:40","modified_gmt":"2021-03-31T21:21:40","slug":"ubata-empresario-acusado-de-estupros-segue-procurado-pela-policia","status":"publish","type":"post","link":"https:\/\/www.sudoestehoje.com.br\/novoportal\/2021\/03\/31\/ubata-empresario-acusado-de-estupros-segue-procurado-pela-policia\/","title":{"rendered":"UBAT\u00c3: EMPRES\u00c1RIO ACUSADO DE ESTUPROS SEGUE PROCURADO PELA POL\u00cdCIA"},"content":{"rendered":"<p><a href=\"https:\/\/www.sudoestehoje.com.br\/novoportal\/wp-content\/uploads\/2021\/03\/UBAT\u00c3-EMPRES\u00c1RIO.jpg\"><img loading=\"lazy\" decoding=\"async\" class=\"aligncenter size-medium wp-image-94019\" src=\"https:\/\/www.sudoestehoje.com.br\/novoportal\/wp-content\/uploads\/2021\/03\/UBAT\u00c3-EMPRES\u00c1RIO-500x263.jpg\" alt=\"\" width=\"500\" height=\"263\" srcset=\"https:\/\/www.sudoestehoje.com.br\/novoportal\/wp-content\/uploads\/2021\/03\/UBAT\u00c3-EMPRES\u00c1RIO-500x263.jpg 500w, https:\/\/www.sudoestehoje.com.br\/novoportal\/wp-content\/uploads\/2021\/03\/UBAT\u00c3-EMPRES\u00c1RIO-700x368.jpg 700w, https:\/\/www.sudoestehoje.com.br\/novoportal\/wp-content\/uploads\/2021\/03\/UBAT\u00c3-EMPRES\u00c1RIO-768x403.jpg 768w, https:\/\/www.sudoestehoje.com.br\/novoportal\/wp-content\/uploads\/2021\/03\/UBAT\u00c3-EMPRES\u00c1RIO.jpg 1200w\" sizes=\"auto, (max-width: 500px) 100vw, 500px\" \/><\/a><\/p>\n<p>O empres\u00e1rio, identificado como Eugenildo Almeida Nunes, ainda \u00e9 procurado nesta quarta-feira (31). Nunes teve a pris\u00e3o tempor\u00e1ria decretada ap\u00f3s ser acusado de estupro de vulner\u00e1vel contra duas adolescentes, de 15 e 13 anos, em Ubat\u00e3, na regi\u00e3o baiana do M\u00e9dio Rio de Contas. Nesta ter\u00e7a-feira (30), o Minist\u00e9rio P\u00fablico do Estado (MP-BA) junto com a Pol\u00edcia Civil deflagraram a Opera\u00e7\u00e3o Cilada, que investiga o caso desde novembro do ano passado (<a href=\"https:\/\/www.bahianoticias.com.br\/municipios\/noticia\/25022-ubata-homem-acusado-de-estupro-de-vulneravel-e-procurado-pela-policia.html\" target=\"_blank\" rel=\"noopener noreferrer\">ver aqui<\/a>).<\/p>\n<p>Os agentes cumpriram mandados de busca e apreens\u00e3o em endere\u00e7os do empres\u00e1rio. Conforme o pai das jovens, que preferiu n\u00e3o se identificar, as adolescentes est\u00e3o debilitadas, com depress\u00e3o e sofrem com ferimentos em regi\u00f5es \u00edntimas causados pelos abusos. O respons\u00e1vel pelas jovens, que foi funcion\u00e1rio de Nunes, disse que est\u00e1 sem condi\u00e7\u00e3o financeira para sustentar a fam\u00edlia, j\u00e1 que precisou fugir da cidade. Ele teme tamb\u00e9m pela seguran\u00e7a dele e das filhas.<\/p>\n<p>\u201dN\u00f3s estamos em situa\u00e7\u00e3o prec\u00e1ria, escondidos, enquanto ele est\u00e1 solto, sem divulga\u00e7\u00e3o de nome e de imagem, sem nada\u201d, protestou em entrevista ao Bahia Not\u00edcias. No cumprimento dos mandados, o MP-BA e a Pol\u00edcia Civil encontraram diversos itens que teriam sido usados nos abusos, como aparelhos er\u00f3ticos, lingeries e lubrificantes.<\/p>\n<p>Segundo o Grupo de Atua\u00e7\u00e3o Especial de Combate ao Crime Organizado (Gaeco), o empres\u00e1rio fazia promessas e oferecia dinheiro, presentes, e at\u00e9 mesmo casa e emprego para a fam\u00edlia, em troca de favores sexuais. Ele tamb\u00e9m \u00e9 acusado de usar o poder econ\u00f4mico na regi\u00e3o de Ubat\u00e3 para inibir que v\u00edtimas e testemunhas o denunciassem.\u00a0 \u00c0s jovens abusadas, ele fazia amea\u00e7as\u00a0de morte.<\/p>\n","protected":false},"excerpt":{"rendered":"<p>O empres\u00e1rio, identificado como Eugenildo Almeida Nunes, ainda \u00e9 procurado nesta quarta-feira (31). Nunes teve a pris\u00e3o tempor\u00e1ria decretada ap\u00f3s ser acusado de estupro de vulner\u00e1vel contra duas adolescentes, de 15 e 13 anos, em Ubat\u00e3, na regi\u00e3o baiana do M\u00e9dio Rio de Contas. Nesta ter\u00e7a-feira (30), o Minist\u00e9rio P\u00fablico do Estado (MP-BA) junto com [&hellip;]<\/p>\n","protected":false},"author":2,"featured_media":94019,"comment_status":"open","ping_status":"open","sticky":false,"template":"","format":"standard","meta":{"footnotes":"","_links_to":"","_links_to_target":""},"categories":[1],"tags":[],"class_list":["post-94018","post","type-post","status-publish","format-standard","has-post-thumbnail","hentry","category-geral"],"views":1210,"_links":{"self":[{"href":"https:\/\/www.sudoestehoje.com.br\/novoportal\/wp-json\/wp\/v2\/posts\/94018","targetHints":{"allow":["GET"]}}],"collection":[{"href":"https:\/\/www.sudoestehoje.com.br\/novoportal\/wp-json\/wp\/v2\/posts"}],"about":[{"href":"https:\/\/www.sudoestehoje.com.br\/novoportal\/wp-json\/wp\/v2\/types\/post"}],"author":[{"embeddable":true,"href":"https:\/\/www.sudoestehoje.com.br\/novoportal\/wp-json\/wp\/v2\/users\/2"}],"replies":[{"embeddable":true,"href":"https:\/\/www.sudoestehoje.com.br\/novoportal\/wp-json\/wp\/v2\/comments?post=94018"}],"version-history":[{"count":1,"href":"https:\/\/www.sudoestehoje.com.br\/novoportal\/wp-json\/wp\/v2\/posts\/94018\/revisions"}],"predecessor-version":[{"id":94020,"href":"https:\/\/www.sudoestehoje.com.br\/novoportal\/wp-json\/wp\/v2\/posts\/94018\/revisions\/94020"}],"wp:featuredmedia":[{"embeddable":true,"href":"https:\/\/www.sudoestehoje.com.br\/novoportal\/wp-json\/wp\/v2\/media\/94019"}],"wp:attachment":[{"href":"https:\/\/www.sudoestehoje.com.br\/novoportal\/wp-json\/wp\/v2\/media?parent=94018"}],"wp:term":[{"taxonomy":"category","embeddable":true,"href":"https:\/\/www.sudoestehoje.com.br\/novoportal\/wp-json\/wp\/v2\/categories?post=94018"},{"taxonomy":"post_tag","embeddable":true,"href":"https:\/\/www.sudoestehoje.com.br\/novoportal\/wp-json\/wp\/v2\/tags?post=94018"}],"curies":[{"name":"wp","href":"https:\/\/api.w.org\/{rel}","templated":true}]}}