
{"id":94011,"date":"2021-03-31T18:07:10","date_gmt":"2021-03-31T21:07:10","guid":{"rendered":"https:\/\/www.sudoestehoje.com.br\/novoportal\/?p=94011"},"modified":"2021-03-31T18:07:10","modified_gmt":"2021-03-31T21:07:10","slug":"camara-prorroga-ate-31-de-julho-prazo-para-entrega-do-imposto-de-renda-2021","status":"publish","type":"post","link":"https:\/\/www.sudoestehoje.com.br\/novoportal\/2021\/03\/31\/camara-prorroga-ate-31-de-julho-prazo-para-entrega-do-imposto-de-renda-2021\/","title":{"rendered":"C\u00c2MARA PRORROGA AT\u00c9 31 DE JULHO PRAZO PARA ENTREGA DO IMPOSTO DE RENDA 2021"},"content":{"rendered":"<p><a href=\"https:\/\/www.sudoestehoje.com.br\/novoportal\/wp-content\/uploads\/2021\/03\/impostoderenda2021declaracao.jpeg\"><img loading=\"lazy\" decoding=\"async\" class=\"aligncenter size-medium wp-image-94013\" src=\"https:\/\/www.sudoestehoje.com.br\/novoportal\/wp-content\/uploads\/2021\/03\/impostoderenda2021declaracao-500x281.jpeg\" alt=\"\" width=\"500\" height=\"281\" srcset=\"https:\/\/www.sudoestehoje.com.br\/novoportal\/wp-content\/uploads\/2021\/03\/impostoderenda2021declaracao-500x281.jpeg 500w, https:\/\/www.sudoestehoje.com.br\/novoportal\/wp-content\/uploads\/2021\/03\/impostoderenda2021declaracao-700x394.jpeg 700w, https:\/\/www.sudoestehoje.com.br\/novoportal\/wp-content\/uploads\/2021\/03\/impostoderenda2021declaracao-768x432.jpeg 768w, https:\/\/www.sudoestehoje.com.br\/novoportal\/wp-content\/uploads\/2021\/03\/impostoderenda2021declaracao.jpeg 1200w\" sizes=\"auto, (max-width: 500px) 100vw, 500px\" \/><\/a><\/p>\n<p>A C\u00e2mara dos Deputados aprovou nesta ter\u00e7a-feira (30) a prorroga\u00e7\u00e3o, at\u00e9 31 de julho, do prazo de entrega da declara\u00e7\u00e3o de Imposto de Renda de pessoas f\u00edsicas em 2021, referente ao ano-calend\u00e1rio de 2020, mas manteve o cronograma de restitui\u00e7\u00e3o do IR, com primeiro lote marcado para 31 de maio.<\/p>\n<p>O projeto, de autoria do deputado Rubens Bueno (Cidadania-PR), foi aprovado em vota\u00e7\u00e3o simb\u00f3lica e segue para o Senado.<\/p>\n<p>A princ\u00edpio, o prazo para entrega do IR de pessoas f\u00edsicas termina em 30 de abril. Al\u00e9m da prorroga\u00e7\u00e3o e de manter o calend\u00e1rio da restitui\u00e7\u00e3o, o texto estabelece que o recolhimento da cota \u00fanica ou das cotas vencidas de Imposto de Renda n\u00e3o poder\u00e1 sofrer acr\u00e9scimo de juros ou penalidade at\u00e9 o novo prazo.<\/p>\n","protected":false},"excerpt":{"rendered":"<p>A C\u00e2mara dos Deputados aprovou nesta ter\u00e7a-feira (30) a prorroga\u00e7\u00e3o, at\u00e9 31 de julho, do prazo de entrega da declara\u00e7\u00e3o de Imposto de Renda de pessoas f\u00edsicas em 2021, referente ao ano-calend\u00e1rio de 2020, mas manteve o cronograma de restitui\u00e7\u00e3o do IR, com primeiro lote marcado para 31 de maio. O projeto, de autoria do [&hellip;]<\/p>\n","protected":false},"author":2,"featured_media":94013,"comment_status":"open","ping_status":"open","sticky":false,"template":"","format":"standard","meta":{"footnotes":"","_links_to":"","_links_to_target":""},"categories":[1],"tags":[],"class_list":["post-94011","post","type-post","status-publish","format-standard","has-post-thumbnail","hentry","category-geral"],"views":877,"_links":{"self":[{"href":"https:\/\/www.sudoestehoje.com.br\/novoportal\/wp-json\/wp\/v2\/posts\/94011","targetHints":{"allow":["GET"]}}],"collection":[{"href":"https:\/\/www.sudoestehoje.com.br\/novoportal\/wp-json\/wp\/v2\/posts"}],"about":[{"href":"https:\/\/www.sudoestehoje.com.br\/novoportal\/wp-json\/wp\/v2\/types\/post"}],"author":[{"embeddable":true,"href":"https:\/\/www.sudoestehoje.com.br\/novoportal\/wp-json\/wp\/v2\/users\/2"}],"replies":[{"embeddable":true,"href":"https:\/\/www.sudoestehoje.com.br\/novoportal\/wp-json\/wp\/v2\/comments?post=94011"}],"version-history":[{"count":2,"href":"https:\/\/www.sudoestehoje.com.br\/novoportal\/wp-json\/wp\/v2\/posts\/94011\/revisions"}],"predecessor-version":[{"id":94014,"href":"https:\/\/www.sudoestehoje.com.br\/novoportal\/wp-json\/wp\/v2\/posts\/94011\/revisions\/94014"}],"wp:featuredmedia":[{"embeddable":true,"href":"https:\/\/www.sudoestehoje.com.br\/novoportal\/wp-json\/wp\/v2\/media\/94013"}],"wp:attachment":[{"href":"https:\/\/www.sudoestehoje.com.br\/novoportal\/wp-json\/wp\/v2\/media?parent=94011"}],"wp:term":[{"taxonomy":"category","embeddable":true,"href":"https:\/\/www.sudoestehoje.com.br\/novoportal\/wp-json\/wp\/v2\/categories?post=94011"},{"taxonomy":"post_tag","embeddable":true,"href":"https:\/\/www.sudoestehoje.com.br\/novoportal\/wp-json\/wp\/v2\/tags?post=94011"}],"curies":[{"name":"wp","href":"https:\/\/api.w.org\/{rel}","templated":true}]}}