
{"id":94005,"date":"2021-03-31T17:49:16","date_gmt":"2021-03-31T20:49:16","guid":{"rendered":"https:\/\/www.sudoestehoje.com.br\/novoportal\/?p=94005"},"modified":"2021-03-31T17:49:16","modified_gmt":"2021-03-31T20:49:16","slug":"novos-pagamentos-do-auxilio-emergencial-serao-liberados-a-partir-da-proxima-terca","status":"publish","type":"post","link":"https:\/\/www.sudoestehoje.com.br\/novoportal\/2021\/03\/31\/novos-pagamentos-do-auxilio-emergencial-serao-liberados-a-partir-da-proxima-terca\/","title":{"rendered":"NOVOS PAGAMENTOS DO AUX\u00cdLIO EMERGENCIAL SER\u00c3O LIBERADOS A PARTIR DA PR\u00d3XIMA TER\u00c7A"},"content":{"rendered":"<p><a href=\"https:\/\/www.sudoestehoje.com.br\/novoportal\/wp-content\/uploads\/2021\/03\/caixa-itap.jpg\"><img loading=\"lazy\" decoding=\"async\" class=\"aligncenter size-medium wp-image-94006\" src=\"https:\/\/www.sudoestehoje.com.br\/novoportal\/wp-content\/uploads\/2021\/03\/caixa-itap-500x280.jpg\" alt=\"\" width=\"500\" height=\"280\" srcset=\"https:\/\/www.sudoestehoje.com.br\/novoportal\/wp-content\/uploads\/2021\/03\/caixa-itap-500x280.jpg 500w, https:\/\/www.sudoestehoje.com.br\/novoportal\/wp-content\/uploads\/2021\/03\/caixa-itap-700x392.jpg 700w, https:\/\/www.sudoestehoje.com.br\/novoportal\/wp-content\/uploads\/2021\/03\/caixa-itap-768x431.jpg 768w, https:\/\/www.sudoestehoje.com.br\/novoportal\/wp-content\/uploads\/2021\/03\/caixa-itap.jpg 1024w\" sizes=\"auto, (max-width: 500px) 100vw, 500px\" \/><\/a><\/p>\n<p>O Ministro da Cidadania, Jo\u00e3o Roma, anunciou hoje que est\u00e1 previsto para a pr\u00f3xima ter\u00e7a-feira (6) o in\u00edcio dos novos pagamentos do aux\u00edlio emergencial.<\/p>\n<p>Os trabalhadores poder\u00e3o consultar, a partir de amanh\u00e3 1\u00ba de abril, se receber\u00e3o a nova rodada do aux\u00edlio.<\/p>\n<p>A consulta poder\u00e1 ser feita no site da Dataprev, empresa estatal respons\u00e1vel por processar os pedidos. O benefici\u00e1rio dever\u00e1 informar o CPF, nome completo, nome da m\u00e3e e data de nascimento<\/p>\n","protected":false},"excerpt":{"rendered":"<p>O Ministro da Cidadania, Jo\u00e3o Roma, anunciou hoje que est\u00e1 previsto para a pr\u00f3xima ter\u00e7a-feira (6) o in\u00edcio dos novos pagamentos do aux\u00edlio emergencial. Os trabalhadores poder\u00e3o consultar, a partir de amanh\u00e3 1\u00ba de abril, se receber\u00e3o a nova rodada do aux\u00edlio. A consulta poder\u00e1 ser feita no site da Dataprev, empresa estatal respons\u00e1vel por [&hellip;]<\/p>\n","protected":false},"author":2,"featured_media":94006,"comment_status":"open","ping_status":"open","sticky":false,"template":"","format":"standard","meta":{"footnotes":"","_links_to":"","_links_to_target":""},"categories":[1],"tags":[],"class_list":["post-94005","post","type-post","status-publish","format-standard","has-post-thumbnail","hentry","category-geral"],"views":899,"_links":{"self":[{"href":"https:\/\/www.sudoestehoje.com.br\/novoportal\/wp-json\/wp\/v2\/posts\/94005","targetHints":{"allow":["GET"]}}],"collection":[{"href":"https:\/\/www.sudoestehoje.com.br\/novoportal\/wp-json\/wp\/v2\/posts"}],"about":[{"href":"https:\/\/www.sudoestehoje.com.br\/novoportal\/wp-json\/wp\/v2\/types\/post"}],"author":[{"embeddable":true,"href":"https:\/\/www.sudoestehoje.com.br\/novoportal\/wp-json\/wp\/v2\/users\/2"}],"replies":[{"embeddable":true,"href":"https:\/\/www.sudoestehoje.com.br\/novoportal\/wp-json\/wp\/v2\/comments?post=94005"}],"version-history":[{"count":1,"href":"https:\/\/www.sudoestehoje.com.br\/novoportal\/wp-json\/wp\/v2\/posts\/94005\/revisions"}],"predecessor-version":[{"id":94007,"href":"https:\/\/www.sudoestehoje.com.br\/novoportal\/wp-json\/wp\/v2\/posts\/94005\/revisions\/94007"}],"wp:featuredmedia":[{"embeddable":true,"href":"https:\/\/www.sudoestehoje.com.br\/novoportal\/wp-json\/wp\/v2\/media\/94006"}],"wp:attachment":[{"href":"https:\/\/www.sudoestehoje.com.br\/novoportal\/wp-json\/wp\/v2\/media?parent=94005"}],"wp:term":[{"taxonomy":"category","embeddable":true,"href":"https:\/\/www.sudoestehoje.com.br\/novoportal\/wp-json\/wp\/v2\/categories?post=94005"},{"taxonomy":"post_tag","embeddable":true,"href":"https:\/\/www.sudoestehoje.com.br\/novoportal\/wp-json\/wp\/v2\/tags?post=94005"}],"curies":[{"name":"wp","href":"https:\/\/api.w.org\/{rel}","templated":true}]}}