
{"id":93996,"date":"2021-03-30T20:11:07","date_gmt":"2021-03-30T23:11:07","guid":{"rendered":"https:\/\/www.sudoestehoje.com.br\/novoportal\/?p=93996"},"modified":"2021-03-30T20:11:07","modified_gmt":"2021-03-30T23:11:07","slug":"toque-de-recolher-na-bahia-volta-a-ter-inicio-as-20h-a-partir-de-segunda","status":"publish","type":"post","link":"https:\/\/www.sudoestehoje.com.br\/novoportal\/2021\/03\/30\/toque-de-recolher-na-bahia-volta-a-ter-inicio-as-20h-a-partir-de-segunda\/","title":{"rendered":"TOQUE DE RECOLHER NA BAHIA VOLTA A TER IN\u00cdCIO \u00c0S 20h A PARTIR DE SEGUNDA"},"content":{"rendered":"<p><a href=\"https:\/\/www.sudoestehoje.com.br\/novoportal\/wp-content\/uploads\/2021\/03\/ruas-1.jpeg\"><img loading=\"lazy\" decoding=\"async\" class=\"aligncenter size-medium wp-image-93997\" src=\"https:\/\/www.sudoestehoje.com.br\/novoportal\/wp-content\/uploads\/2021\/03\/ruas-1-500x257.jpeg\" alt=\"\" width=\"500\" height=\"257\" srcset=\"https:\/\/www.sudoestehoje.com.br\/novoportal\/wp-content\/uploads\/2021\/03\/ruas-1-500x257.jpeg 500w, https:\/\/www.sudoestehoje.com.br\/novoportal\/wp-content\/uploads\/2021\/03\/ruas-1-700x360.jpeg 700w, https:\/\/www.sudoestehoje.com.br\/novoportal\/wp-content\/uploads\/2021\/03\/ruas-1-768x395.jpeg 768w, https:\/\/www.sudoestehoje.com.br\/novoportal\/wp-content\/uploads\/2021\/03\/ruas-1.jpeg 1280w\" sizes=\"auto, (max-width: 500px) 100vw, 500px\" \/><\/a><\/p>\n<p>O governador Rui Costa (PT) declarou, em uma transmiss\u00e3o online realizada no in\u00edcio da noite desta ter\u00e7a-feira (30), que o toque de recolher voltar\u00e1 a ter in\u00edcio \u00e0s 20h a partir da pr\u00f3xima segunda-feira (5).<\/p>\n<p>Pouco antes, o chefe do Executivo baiano prometeu que, brevemente, os professores, assim como as for\u00e7as de seguran\u00e7a e salvamento da Bahia, tamb\u00e9m ser\u00e3o vacinados contra a Covid-19.<\/p>\n","protected":false},"excerpt":{"rendered":"<p>O governador Rui Costa (PT) declarou, em uma transmiss\u00e3o online realizada no in\u00edcio da noite desta ter\u00e7a-feira (30), que o toque de recolher voltar\u00e1 a ter in\u00edcio \u00e0s 20h a partir da pr\u00f3xima segunda-feira (5). Pouco antes, o chefe do Executivo baiano prometeu que, brevemente, os professores, assim como as for\u00e7as de seguran\u00e7a e salvamento [&hellip;]<\/p>\n","protected":false},"author":2,"featured_media":93997,"comment_status":"open","ping_status":"open","sticky":false,"template":"","format":"standard","meta":{"footnotes":"","_links_to":"","_links_to_target":""},"categories":[1],"tags":[],"class_list":["post-93996","post","type-post","status-publish","format-standard","has-post-thumbnail","hentry","category-geral"],"views":1824,"_links":{"self":[{"href":"https:\/\/www.sudoestehoje.com.br\/novoportal\/wp-json\/wp\/v2\/posts\/93996","targetHints":{"allow":["GET"]}}],"collection":[{"href":"https:\/\/www.sudoestehoje.com.br\/novoportal\/wp-json\/wp\/v2\/posts"}],"about":[{"href":"https:\/\/www.sudoestehoje.com.br\/novoportal\/wp-json\/wp\/v2\/types\/post"}],"author":[{"embeddable":true,"href":"https:\/\/www.sudoestehoje.com.br\/novoportal\/wp-json\/wp\/v2\/users\/2"}],"replies":[{"embeddable":true,"href":"https:\/\/www.sudoestehoje.com.br\/novoportal\/wp-json\/wp\/v2\/comments?post=93996"}],"version-history":[{"count":1,"href":"https:\/\/www.sudoestehoje.com.br\/novoportal\/wp-json\/wp\/v2\/posts\/93996\/revisions"}],"predecessor-version":[{"id":93998,"href":"https:\/\/www.sudoestehoje.com.br\/novoportal\/wp-json\/wp\/v2\/posts\/93996\/revisions\/93998"}],"wp:featuredmedia":[{"embeddable":true,"href":"https:\/\/www.sudoestehoje.com.br\/novoportal\/wp-json\/wp\/v2\/media\/93997"}],"wp:attachment":[{"href":"https:\/\/www.sudoestehoje.com.br\/novoportal\/wp-json\/wp\/v2\/media?parent=93996"}],"wp:term":[{"taxonomy":"category","embeddable":true,"href":"https:\/\/www.sudoestehoje.com.br\/novoportal\/wp-json\/wp\/v2\/categories?post=93996"},{"taxonomy":"post_tag","embeddable":true,"href":"https:\/\/www.sudoestehoje.com.br\/novoportal\/wp-json\/wp\/v2\/tags?post=93996"}],"curies":[{"name":"wp","href":"https:\/\/api.w.org\/{rel}","templated":true}]}}