
{"id":93991,"date":"2021-03-30T09:20:02","date_gmt":"2021-03-30T12:20:02","guid":{"rendered":"https:\/\/www.sudoestehoje.com.br\/novoportal\/?p=93991"},"modified":"2021-03-30T09:20:57","modified_gmt":"2021-03-30T12:20:57","slug":"feriadao-covid-deve-lotar-as-praias-do-sul-da-bahia-neste-final-de-semana","status":"publish","type":"post","link":"https:\/\/www.sudoestehoje.com.br\/novoportal\/2021\/03\/30\/feriadao-covid-deve-lotar-as-praias-do-sul-da-bahia-neste-final-de-semana\/","title":{"rendered":"FERIAD\u00c3O COVID DEVE LOTAR AS PRAIAS DO SUL DA BAHIA NESTE FINAL DE SEMANA"},"content":{"rendered":"<p><a href=\"https:\/\/www.sudoestehoje.com.br\/novoportal\/wp-content\/uploads\/2021\/03\/praia-de-olivenca.jpg\"><img loading=\"lazy\" decoding=\"async\" class=\"aligncenter size-medium wp-image-93992\" src=\"https:\/\/www.sudoestehoje.com.br\/novoportal\/wp-content\/uploads\/2021\/03\/praia-de-olivenca-500x376.jpg\" alt=\"\" width=\"500\" height=\"376\" srcset=\"https:\/\/www.sudoestehoje.com.br\/novoportal\/wp-content\/uploads\/2021\/03\/praia-de-olivenca-500x376.jpg 500w, https:\/\/www.sudoestehoje.com.br\/novoportal\/wp-content\/uploads\/2021\/03\/praia-de-olivenca.jpg 660w\" sizes=\"auto, (max-width: 500px) 100vw, 500px\" \/><\/a><\/p>\n<p>Com a chegada da Semana Santa e o decreto restritivo do governador Rui Costa, fechando o com\u00e9rcio no &#8216;S\u00e1bado de Aleluia&#8217;, o feriad\u00e3o no pr\u00f3ximo final de semana promete ser movimentado nas praias de Ilh\u00e9us, Itacar\u00e9 e Porto Seguro, destinos preferidos de grande parte da popula\u00e7\u00e3o de Itapetinga, Vit\u00f3ria da Conquista e outras cidades do Sudoeste da Bahia.<\/p>\n<p>Ao que parece, o lazer est\u00e1 garantido e a farra promete ser boa em Cururupe, \u00c1guas de Oliven\u00e7a e outros para\u00edsos tropicais, mas as consequ\u00eancias, em tempos de pandemia da Covid-19, podem ser fatais, com a perde de amigos, parentes e conhecidos, como aconteceu logo ap\u00f3s o feriad\u00e3o negociado do Carnaval.<\/p>\n<p>O fechamento do com\u00e9rcio, no pr\u00f3ximo s\u00e1bado, nos parece uma medida errada e at\u00e9 perigosa, porque libera os trabalhadores do com\u00e9rcio, jovens inquietos em sua maioria, que n\u00e3o perdem tempo quando chegam feriad\u00f5es, e partem para o litoral.<\/p>\n<p>A suspens\u00e3o do transporte intermunicipal (\u00f4nibus) nesse per\u00edodo, \u00e9 medida ineficaz, porque n\u00e3o impede ningu\u00e9m de viajar em seus carros, motos e at\u00e9 de carona, para destinos t\u00e3o pr\u00f3ximos.<\/p>\n<p>Os hospitais e as UPAs de Conquista, Itapetinga e cidades da regi\u00e3o, podem preparar os seus leitos de UTI, se ainda restar algum, porque a demanda nas pr\u00f3ximas semanas deve aumentar, com a chegada da nova<em> &#8216;variante de Oliven\u00e7a&#8217;.<\/em><\/p>\n<p>T\u00e1 avisado, e n\u00e3o adianta pedir ora\u00e7\u00f5es&#8230;<\/p>\n<p><strong><em>Por Davi Ferraz<\/em><\/strong><\/p>\n","protected":false},"excerpt":{"rendered":"<p>Com a chegada da Semana Santa e o decreto restritivo do governador Rui Costa, fechando o com\u00e9rcio no &#8216;S\u00e1bado de Aleluia&#8217;, o feriad\u00e3o no pr\u00f3ximo final de semana promete ser movimentado nas praias de Ilh\u00e9us, Itacar\u00e9 e Porto Seguro, destinos preferidos de grande parte da popula\u00e7\u00e3o de Itapetinga, Vit\u00f3ria da Conquista e outras cidades do [&hellip;]<\/p>\n","protected":false},"author":2,"featured_media":93992,"comment_status":"open","ping_status":"open","sticky":false,"template":"","format":"standard","meta":{"footnotes":"","_links_to":"","_links_to_target":""},"categories":[1],"tags":[],"class_list":["post-93991","post","type-post","status-publish","format-standard","has-post-thumbnail","hentry","category-geral"],"views":1628,"_links":{"self":[{"href":"https:\/\/www.sudoestehoje.com.br\/novoportal\/wp-json\/wp\/v2\/posts\/93991","targetHints":{"allow":["GET"]}}],"collection":[{"href":"https:\/\/www.sudoestehoje.com.br\/novoportal\/wp-json\/wp\/v2\/posts"}],"about":[{"href":"https:\/\/www.sudoestehoje.com.br\/novoportal\/wp-json\/wp\/v2\/types\/post"}],"author":[{"embeddable":true,"href":"https:\/\/www.sudoestehoje.com.br\/novoportal\/wp-json\/wp\/v2\/users\/2"}],"replies":[{"embeddable":true,"href":"https:\/\/www.sudoestehoje.com.br\/novoportal\/wp-json\/wp\/v2\/comments?post=93991"}],"version-history":[{"count":3,"href":"https:\/\/www.sudoestehoje.com.br\/novoportal\/wp-json\/wp\/v2\/posts\/93991\/revisions"}],"predecessor-version":[{"id":93995,"href":"https:\/\/www.sudoestehoje.com.br\/novoportal\/wp-json\/wp\/v2\/posts\/93991\/revisions\/93995"}],"wp:featuredmedia":[{"embeddable":true,"href":"https:\/\/www.sudoestehoje.com.br\/novoportal\/wp-json\/wp\/v2\/media\/93992"}],"wp:attachment":[{"href":"https:\/\/www.sudoestehoje.com.br\/novoportal\/wp-json\/wp\/v2\/media?parent=93991"}],"wp:term":[{"taxonomy":"category","embeddable":true,"href":"https:\/\/www.sudoestehoje.com.br\/novoportal\/wp-json\/wp\/v2\/categories?post=93991"},{"taxonomy":"post_tag","embeddable":true,"href":"https:\/\/www.sudoestehoje.com.br\/novoportal\/wp-json\/wp\/v2\/tags?post=93991"}],"curies":[{"name":"wp","href":"https:\/\/api.w.org\/{rel}","templated":true}]}}