
{"id":93988,"date":"2021-03-29T17:26:18","date_gmt":"2021-03-29T20:26:18","guid":{"rendered":"https:\/\/www.sudoestehoje.com.br\/novoportal\/?p=93988"},"modified":"2021-03-29T17:26:18","modified_gmt":"2021-03-29T20:26:18","slug":"itapetinga-saae-faz-extensao-de-rede-e-bairro-morada-do-parque-ja-dispoe-de-agua-tratada","status":"publish","type":"post","link":"https:\/\/www.sudoestehoje.com.br\/novoportal\/2021\/03\/29\/itapetinga-saae-faz-extensao-de-rede-e-bairro-morada-do-parque-ja-dispoe-de-agua-tratada\/","title":{"rendered":"ITAPETINGA: SAAE FAZ EXTENS\u00c3O DE REDE E BAIRRO MORADA DO PARQUE J\u00c1 DISP\u00d5E DE \u00c1GUA TRATADA"},"content":{"rendered":"<p><a href=\"https:\/\/www.sudoestehoje.com.br\/novoportal\/wp-content\/uploads\/2021\/03\/LIGA-AGUA-MORADA-DO-PARQUE.jpeg\"><img loading=\"lazy\" decoding=\"async\" class=\"aligncenter size-medium wp-image-93989\" src=\"https:\/\/www.sudoestehoje.com.br\/novoportal\/wp-content\/uploads\/2021\/03\/LIGA-AGUA-MORADA-DO-PARQUE-500x281.jpeg\" alt=\"\" width=\"500\" height=\"281\" srcset=\"https:\/\/www.sudoestehoje.com.br\/novoportal\/wp-content\/uploads\/2021\/03\/LIGA-AGUA-MORADA-DO-PARQUE-500x281.jpeg 500w, https:\/\/www.sudoestehoje.com.br\/novoportal\/wp-content\/uploads\/2021\/03\/LIGA-AGUA-MORADA-DO-PARQUE-700x394.jpeg 700w, https:\/\/www.sudoestehoje.com.br\/novoportal\/wp-content\/uploads\/2021\/03\/LIGA-AGUA-MORADA-DO-PARQUE-768x432.jpeg 768w, https:\/\/www.sudoestehoje.com.br\/novoportal\/wp-content\/uploads\/2021\/03\/LIGA-AGUA-MORADA-DO-PARQUE.jpeg 1024w\" sizes=\"auto, (max-width: 500px) 100vw, 500px\" \/><\/a><\/p>\n<p>O MORADA DO PARQUE \u00e9 um bairro totalmente planejado e com o toda uma infraestrutura necess\u00e1ria \u00e0queles que v\u00e3o construir, seja uma resid\u00eancia ou um pr\u00e9dio comercial.<\/p>\n<p>Com \u00e1reas de lazer, ruas asfaltadas, ilumina\u00e7\u00e3o e redes de \u00e1gua e esgoto prontas, faltava t\u00e3o somente\u00a0 o entroncamento da rede de \u00e1gua do SAAE \u00e0 rede pr\u00e9-instalada do Bairro para que finalmente o Morada do Parque disponha de \u00e1gua.<\/p>\n<p>Dentro de um planejamento ente a Via Urbanismo e o SAAE, foi programado para a manh\u00e3 desta segunda-feira (29) o servi\u00e7o de entroncamento de redes, o que resultou na interrup\u00e7\u00e3o do fornecimento de \u00e1gua para os bairros S\u00e3o Francisco e Moradas do Bem Querer, no per\u00edodo da manh\u00e3.<\/p>\n<p>Com a agilidade de sempre a equipe do SAAE j\u00e1 executou o servi\u00e7o e o abastecimento para estas localidades j\u00e1 est\u00e1 restabelecido. <em>\/\/Ascom SAAE<\/em><\/p>\n","protected":false},"excerpt":{"rendered":"<p>O MORADA DO PARQUE \u00e9 um bairro totalmente planejado e com o toda uma infraestrutura necess\u00e1ria \u00e0queles que v\u00e3o construir, seja uma resid\u00eancia ou um pr\u00e9dio comercial. Com \u00e1reas de lazer, ruas asfaltadas, ilumina\u00e7\u00e3o e redes de \u00e1gua e esgoto prontas, faltava t\u00e3o somente\u00a0 o entroncamento da rede de \u00e1gua do SAAE \u00e0 rede pr\u00e9-instalada [&hellip;]<\/p>\n","protected":false},"author":2,"featured_media":93989,"comment_status":"open","ping_status":"open","sticky":false,"template":"","format":"standard","meta":{"footnotes":"","_links_to":"","_links_to_target":""},"categories":[1],"tags":[],"class_list":["post-93988","post","type-post","status-publish","format-standard","has-post-thumbnail","hentry","category-geral"],"views":770,"_links":{"self":[{"href":"https:\/\/www.sudoestehoje.com.br\/novoportal\/wp-json\/wp\/v2\/posts\/93988","targetHints":{"allow":["GET"]}}],"collection":[{"href":"https:\/\/www.sudoestehoje.com.br\/novoportal\/wp-json\/wp\/v2\/posts"}],"about":[{"href":"https:\/\/www.sudoestehoje.com.br\/novoportal\/wp-json\/wp\/v2\/types\/post"}],"author":[{"embeddable":true,"href":"https:\/\/www.sudoestehoje.com.br\/novoportal\/wp-json\/wp\/v2\/users\/2"}],"replies":[{"embeddable":true,"href":"https:\/\/www.sudoestehoje.com.br\/novoportal\/wp-json\/wp\/v2\/comments?post=93988"}],"version-history":[{"count":1,"href":"https:\/\/www.sudoestehoje.com.br\/novoportal\/wp-json\/wp\/v2\/posts\/93988\/revisions"}],"predecessor-version":[{"id":93990,"href":"https:\/\/www.sudoestehoje.com.br\/novoportal\/wp-json\/wp\/v2\/posts\/93988\/revisions\/93990"}],"wp:featuredmedia":[{"embeddable":true,"href":"https:\/\/www.sudoestehoje.com.br\/novoportal\/wp-json\/wp\/v2\/media\/93989"}],"wp:attachment":[{"href":"https:\/\/www.sudoestehoje.com.br\/novoportal\/wp-json\/wp\/v2\/media?parent=93988"}],"wp:term":[{"taxonomy":"category","embeddable":true,"href":"https:\/\/www.sudoestehoje.com.br\/novoportal\/wp-json\/wp\/v2\/categories?post=93988"},{"taxonomy":"post_tag","embeddable":true,"href":"https:\/\/www.sudoestehoje.com.br\/novoportal\/wp-json\/wp\/v2\/tags?post=93988"}],"curies":[{"name":"wp","href":"https:\/\/api.w.org\/{rel}","templated":true}]}}