
{"id":93984,"date":"2021-03-29T17:04:53","date_gmt":"2021-03-29T20:04:53","guid":{"rendered":"https:\/\/www.sudoestehoje.com.br\/novoportal\/?p=93984"},"modified":"2021-03-29T17:04:53","modified_gmt":"2021-03-29T20:04:53","slug":"ministro-ernesto-araujo-pede-demissao","status":"publish","type":"post","link":"https:\/\/www.sudoestehoje.com.br\/novoportal\/2021\/03\/29\/ministro-ernesto-araujo-pede-demissao\/","title":{"rendered":"MINISTRO ERNESTO ARA\u00daJO PEDE DEMISS\u00c3O"},"content":{"rendered":"<p><a href=\"https:\/\/www.sudoestehoje.com.br\/novoportal\/wp-content\/uploads\/2021\/03\/ERNESTO-ARAUJO.jpg\"><img loading=\"lazy\" decoding=\"async\" class=\"size-medium wp-image-93985\" src=\"https:\/\/www.sudoestehoje.com.br\/novoportal\/wp-content\/uploads\/2021\/03\/ERNESTO-ARAUJO-500x375.jpg\" alt=\"\" width=\"500\" height=\"375\" srcset=\"https:\/\/www.sudoestehoje.com.br\/novoportal\/wp-content\/uploads\/2021\/03\/ERNESTO-ARAUJO-500x375.jpg 500w, https:\/\/www.sudoestehoje.com.br\/novoportal\/wp-content\/uploads\/2021\/03\/ERNESTO-ARAUJO-700x525.jpg 700w, https:\/\/www.sudoestehoje.com.br\/novoportal\/wp-content\/uploads\/2021\/03\/ERNESTO-ARAUJO-768x576.jpg 768w, https:\/\/www.sudoestehoje.com.br\/novoportal\/wp-content\/uploads\/2021\/03\/ERNESTO-ARAUJO.jpg 1024w\" sizes=\"auto, (max-width: 500px) 100vw, 500px\" \/><\/a><\/p>\n<p>BRAS\u00cdLIA &#8211; O ministro das Rela\u00e7\u00f5es Exteriores, Ernesto Ara\u00fajo, decidiu pedir demiss\u00e3o do cargo. A informa\u00e7\u00e3o foi repassada pelo pr\u00f3prio chanceler a seus subordinados. Segundo fontes do Planalto, o chanceler e o presidente ter\u00e3o mais uma reuni\u00e3o \u00e0s 17h.<\/p>\n<p>Ernesto disse a Bolsonaro que n\u00e3o quer ser um\u00a0<a href=\"https:\/\/oglobo.globo.com\/brasil\/3046-entenda-crise-entre-congresso-bolsonaro-que-envolve-ministro-ernesto-araujo-rv1-24943861\">problema ao governo<\/a>. A expectativa de integrantes do governo \u00e9 que a sa\u00edda do Ara\u00fajo seja oficializada ainda nesta segunda-feira.<\/p>\n<p>Com a sa\u00edda de Ara\u00fajo, o presidente\u00a0<a href=\"https:\/\/oglobo.globo.com\/brasil\/bolsonaro-quer-embaixador-luis-fernando-serra-para-lugar-de-ernesto-no-itamaraty-24946340\">decidiu convidar o embaixador do Brasil na Fran\u00e7a, Luis Fernando Serra<\/a>, para ocupar a pasta. Serra \u00e9 visto como uma pessoa mais &#8220;pragm\u00e1tica&#8221; que Ernesto Ara\u00fajo, o que facilitaria a rela\u00e7\u00e3o com pa\u00edses estrat\u00e9gicos como China e Estados Unidos.<\/p>\n","protected":false},"excerpt":{"rendered":"<p>BRAS\u00cdLIA &#8211; O ministro das Rela\u00e7\u00f5es Exteriores, Ernesto Ara\u00fajo, decidiu pedir demiss\u00e3o do cargo. A informa\u00e7\u00e3o foi repassada pelo pr\u00f3prio chanceler a seus subordinados. Segundo fontes do Planalto, o chanceler e o presidente ter\u00e3o mais uma reuni\u00e3o \u00e0s 17h. Ernesto disse a Bolsonaro que n\u00e3o quer ser um\u00a0problema ao governo. A expectativa de integrantes do [&hellip;]<\/p>\n","protected":false},"author":2,"featured_media":93985,"comment_status":"open","ping_status":"open","sticky":false,"template":"","format":"standard","meta":{"footnotes":"","_links_to":"","_links_to_target":""},"categories":[1],"tags":[],"class_list":["post-93984","post","type-post","status-publish","format-standard","has-post-thumbnail","hentry","category-geral"],"views":763,"_links":{"self":[{"href":"https:\/\/www.sudoestehoje.com.br\/novoportal\/wp-json\/wp\/v2\/posts\/93984","targetHints":{"allow":["GET"]}}],"collection":[{"href":"https:\/\/www.sudoestehoje.com.br\/novoportal\/wp-json\/wp\/v2\/posts"}],"about":[{"href":"https:\/\/www.sudoestehoje.com.br\/novoportal\/wp-json\/wp\/v2\/types\/post"}],"author":[{"embeddable":true,"href":"https:\/\/www.sudoestehoje.com.br\/novoportal\/wp-json\/wp\/v2\/users\/2"}],"replies":[{"embeddable":true,"href":"https:\/\/www.sudoestehoje.com.br\/novoportal\/wp-json\/wp\/v2\/comments?post=93984"}],"version-history":[{"count":2,"href":"https:\/\/www.sudoestehoje.com.br\/novoportal\/wp-json\/wp\/v2\/posts\/93984\/revisions"}],"predecessor-version":[{"id":93987,"href":"https:\/\/www.sudoestehoje.com.br\/novoportal\/wp-json\/wp\/v2\/posts\/93984\/revisions\/93987"}],"wp:featuredmedia":[{"embeddable":true,"href":"https:\/\/www.sudoestehoje.com.br\/novoportal\/wp-json\/wp\/v2\/media\/93985"}],"wp:attachment":[{"href":"https:\/\/www.sudoestehoje.com.br\/novoportal\/wp-json\/wp\/v2\/media?parent=93984"}],"wp:term":[{"taxonomy":"category","embeddable":true,"href":"https:\/\/www.sudoestehoje.com.br\/novoportal\/wp-json\/wp\/v2\/categories?post=93984"},{"taxonomy":"post_tag","embeddable":true,"href":"https:\/\/www.sudoestehoje.com.br\/novoportal\/wp-json\/wp\/v2\/tags?post=93984"}],"curies":[{"name":"wp","href":"https:\/\/api.w.org\/{rel}","templated":true}]}}