
{"id":93977,"date":"2021-03-29T12:41:17","date_gmt":"2021-03-29T15:41:17","guid":{"rendered":"https:\/\/www.sudoestehoje.com.br\/novoportal\/?p=93977"},"modified":"2021-03-29T12:41:17","modified_gmt":"2021-03-29T15:41:17","slug":"itapetinga-vacinacao-do-editor-davi-ferraz-do-sudoeste-hoje-repercute-na-regiao","status":"publish","type":"post","link":"https:\/\/www.sudoestehoje.com.br\/novoportal\/2021\/03\/29\/itapetinga-vacinacao-do-editor-davi-ferraz-do-sudoeste-hoje-repercute-na-regiao\/","title":{"rendered":"ITAPETINGA: VACINA\u00c7\u00c3O DO EDITOR DAVI FERRAZ DO SUDOESTE HOJE REPERCUTE NA REGI\u00c3O"},"content":{"rendered":"<p><a href=\"https:\/\/www.sudoestehoje.com.br\/novoportal\/wp-content\/uploads\/2021\/03\/vacinei-1.jpeg\"><img loading=\"lazy\" decoding=\"async\" class=\"aligncenter size-medium wp-image-93978\" src=\"https:\/\/www.sudoestehoje.com.br\/novoportal\/wp-content\/uploads\/2021\/03\/vacinei-1-500x296.jpeg\" alt=\"\" width=\"500\" height=\"296\" srcset=\"https:\/\/www.sudoestehoje.com.br\/novoportal\/wp-content\/uploads\/2021\/03\/vacinei-1-500x296.jpeg 500w, https:\/\/www.sudoestehoje.com.br\/novoportal\/wp-content\/uploads\/2021\/03\/vacinei-1-700x415.jpeg 700w, https:\/\/www.sudoestehoje.com.br\/novoportal\/wp-content\/uploads\/2021\/03\/vacinei-1-768x455.jpeg 768w, https:\/\/www.sudoestehoje.com.br\/novoportal\/wp-content\/uploads\/2021\/03\/vacinei-1.jpeg 1280w\" sizes=\"auto, (max-width: 500px) 100vw, 500px\" \/><\/a><\/p>\n<p>Teve repercuss\u00e3o local e regional a vacina\u00e7\u00e3o para idosos a partir de 65 anos em Itapetinga, atrav\u00e9s de mat\u00e9rias postadas na m\u00eddia regional e posts em redes sociais, sobre a aplica\u00e7\u00e3o da primeira dose da vacina Astrazeneca no editor do site regional Sudoeste Hoje, Davi Ferraz.<\/p>\n<p>A divulga\u00e7\u00e3o do ato de vacina\u00e7\u00e3o do popular blogueiro refor\u00e7a a campanha pela necessidade de imuniza\u00e7\u00e3o de toda a popula\u00e7\u00e3o e serve de exemplo para que as pessoas, de todas as faixas et\u00e1rias, adotem cuidados para evitar a prolifera\u00e7\u00e3o do v\u00edrus mortal Covid-19, atrav\u00e9s do uso sistem\u00e1tico de m\u00e1scaras, pr\u00e1ticas de higieniza\u00e7\u00e3o e distanciamento social. <em>Confira as mat\u00e9rias:<\/em><\/p>\n<p><a href=\"https:\/\/www.sudoestehoje.com.br\/novoportal\/wp-content\/uploads\/2021\/03\/vacinei-2.jpeg\"><img loading=\"lazy\" decoding=\"async\" class=\"aligncenter  wp-image-93979\" src=\"https:\/\/www.sudoestehoje.com.br\/novoportal\/wp-content\/uploads\/2021\/03\/vacinei-2-387x700.jpeg\" alt=\"\" width=\"500\" height=\"904\" srcset=\"https:\/\/www.sudoestehoje.com.br\/novoportal\/wp-content\/uploads\/2021\/03\/vacinei-2-387x700.jpeg 387w, https:\/\/www.sudoestehoje.com.br\/novoportal\/wp-content\/uploads\/2021\/03\/vacinei-2-498x900.jpeg 498w, https:\/\/www.sudoestehoje.com.br\/novoportal\/wp-content\/uploads\/2021\/03\/vacinei-2.jpeg 708w\" sizes=\"auto, (max-width: 500px) 100vw, 500px\" \/><\/a><\/p>\n<p><a href=\"https:\/\/www.sudoestehoje.com.br\/novoportal\/wp-content\/uploads\/2021\/03\/vacinei-3.jpeg\"><img loading=\"lazy\" decoding=\"async\" class=\"aligncenter  wp-image-93980\" src=\"https:\/\/www.sudoestehoje.com.br\/novoportal\/wp-content\/uploads\/2021\/03\/vacinei-3-407x700.jpeg\" alt=\"\" width=\"500\" height=\"860\" srcset=\"https:\/\/www.sudoestehoje.com.br\/novoportal\/wp-content\/uploads\/2021\/03\/vacinei-3-407x700.jpeg 407w, https:\/\/www.sudoestehoje.com.br\/novoportal\/wp-content\/uploads\/2021\/03\/vacinei-3-523x900.jpeg 523w, https:\/\/www.sudoestehoje.com.br\/novoportal\/wp-content\/uploads\/2021\/03\/vacinei-3.jpeg 744w\" sizes=\"auto, (max-width: 500px) 100vw, 500px\" \/><\/a><\/p>\n<p>&nbsp;<\/p>\n","protected":false},"excerpt":{"rendered":"<p>Teve repercuss\u00e3o local e regional a vacina\u00e7\u00e3o para idosos a partir de 65 anos em Itapetinga, atrav\u00e9s de mat\u00e9rias postadas na m\u00eddia regional e posts em redes sociais, sobre a aplica\u00e7\u00e3o da primeira dose da vacina Astrazeneca no editor do site regional Sudoeste Hoje, Davi Ferraz. A divulga\u00e7\u00e3o do ato de vacina\u00e7\u00e3o do popular blogueiro [&hellip;]<\/p>\n","protected":false},"author":2,"featured_media":93978,"comment_status":"open","ping_status":"open","sticky":false,"template":"","format":"standard","meta":{"footnotes":"","_links_to":"","_links_to_target":""},"categories":[1],"tags":[],"class_list":["post-93977","post","type-post","status-publish","format-standard","has-post-thumbnail","hentry","category-geral"],"views":1509,"_links":{"self":[{"href":"https:\/\/www.sudoestehoje.com.br\/novoportal\/wp-json\/wp\/v2\/posts\/93977","targetHints":{"allow":["GET"]}}],"collection":[{"href":"https:\/\/www.sudoestehoje.com.br\/novoportal\/wp-json\/wp\/v2\/posts"}],"about":[{"href":"https:\/\/www.sudoestehoje.com.br\/novoportal\/wp-json\/wp\/v2\/types\/post"}],"author":[{"embeddable":true,"href":"https:\/\/www.sudoestehoje.com.br\/novoportal\/wp-json\/wp\/v2\/users\/2"}],"replies":[{"embeddable":true,"href":"https:\/\/www.sudoestehoje.com.br\/novoportal\/wp-json\/wp\/v2\/comments?post=93977"}],"version-history":[{"count":3,"href":"https:\/\/www.sudoestehoje.com.br\/novoportal\/wp-json\/wp\/v2\/posts\/93977\/revisions"}],"predecessor-version":[{"id":93983,"href":"https:\/\/www.sudoestehoje.com.br\/novoportal\/wp-json\/wp\/v2\/posts\/93977\/revisions\/93983"}],"wp:featuredmedia":[{"embeddable":true,"href":"https:\/\/www.sudoestehoje.com.br\/novoportal\/wp-json\/wp\/v2\/media\/93978"}],"wp:attachment":[{"href":"https:\/\/www.sudoestehoje.com.br\/novoportal\/wp-json\/wp\/v2\/media?parent=93977"}],"wp:term":[{"taxonomy":"category","embeddable":true,"href":"https:\/\/www.sudoestehoje.com.br\/novoportal\/wp-json\/wp\/v2\/categories?post=93977"},{"taxonomy":"post_tag","embeddable":true,"href":"https:\/\/www.sudoestehoje.com.br\/novoportal\/wp-json\/wp\/v2\/tags?post=93977"}],"curies":[{"name":"wp","href":"https:\/\/api.w.org\/{rel}","templated":true}]}}