
{"id":93970,"date":"2021-03-27T22:50:27","date_gmt":"2021-03-28T01:50:27","guid":{"rendered":"https:\/\/www.sudoestehoje.com.br\/novoportal\/?p=93970"},"modified":"2021-03-27T23:27:16","modified_gmt":"2021-03-28T02:27:16","slug":"conquista-outdoors-pedem-respeito-por-parte-do-governador-rui-costa","status":"publish","type":"post","link":"https:\/\/www.sudoestehoje.com.br\/novoportal\/2021\/03\/27\/conquista-outdoors-pedem-respeito-por-parte-do-governador-rui-costa\/","title":{"rendered":"CONQUISTA: OUTDOORS PEDEM RESPEITO POR PARTE DO GOVERNADOR RUI COSTA"},"content":{"rendered":"<p><a href=\"https:\/\/www.sudoestehoje.com.br\/novoportal\/wp-content\/uploads\/2021\/03\/OUT-1.jpg\"><img loading=\"lazy\" decoding=\"async\" class=\"aligncenter size-full wp-image-93975\" src=\"https:\/\/www.sudoestehoje.com.br\/novoportal\/wp-content\/uploads\/2021\/03\/OUT-1.jpg\" alt=\"\" width=\"500\" height=\"260\" \/><\/a><\/p>\n<p>Outdoors colocados em v\u00e1rios pontos de Vit\u00f3ria da Conquista, lan\u00e7a uma cr\u00edtica ao governador Rui Costa e \u00e0s medidas restritivas impostas em combate \u00e0 pandemia.<\/p>\n<p>O Blog do Sena se deparou\u00a0 com um na Avenida Lu\u00eds Eduardo Magalh\u00e3es. A pe\u00e7a foi feita pela Associa\u00e7\u00e3o de Bares e Restaurantes de Vit\u00f3ria da Conquista (Abracon) contra as medidas restritivas impostas pelo Governo do Estado. Tanto o toque de recolher quanto o lockdown est\u00e3o impedindo o funcionamento desses estabelecimentos e provocando o fechamento de v\u00e1rios deles.<\/p>\n<p>A associa\u00e7\u00e3o critica ainda a classifica\u00e7\u00e3o de \u201cservi\u00e7os essenciais\u201d dada pelo Governo do Estados aos servi\u00e7os de alimenta\u00e7\u00e3o e sa\u00fade. Os propriet\u00e1rios desses estabelecimentos alegam que as atividades tamb\u00e9m s\u00e3o essenciais.<\/p>\n<p>H\u00e1 uma cr\u00edtica a uma fala do governador de que as pessoas n\u00e3o estariam querendo parar com a \u201cbebedeira\u201d. Uma das frases presentes no outdoor s\u00e3o de que a \u201calimenta\u00e7\u00e3o fora de casa n\u00e3o se resumiria a bebedeira\u201d.<\/p>\n<p>A medidas restritivas impostas pelo Governo do Estado devem perdurar at\u00e9 pelo menos o in\u00edcio do pr\u00f3ximo m\u00eas. O governo estadual alega que o endurecimento das medidas restritivas \u00e9 necess\u00e1rio para conter o avan\u00e7o do Coronav\u00edrus.<\/p>\n","protected":false},"excerpt":{"rendered":"<p>Outdoors colocados em v\u00e1rios pontos de Vit\u00f3ria da Conquista, lan\u00e7a uma cr\u00edtica ao governador Rui Costa e \u00e0s medidas restritivas impostas em combate \u00e0 pandemia. O Blog do Sena se deparou\u00a0 com um na Avenida Lu\u00eds Eduardo Magalh\u00e3es. A pe\u00e7a foi feita pela Associa\u00e7\u00e3o de Bares e Restaurantes de Vit\u00f3ria da Conquista (Abracon) contra as [&hellip;]<\/p>\n","protected":false},"author":2,"featured_media":93973,"comment_status":"open","ping_status":"open","sticky":false,"template":"","format":"standard","meta":{"footnotes":"","_links_to":"","_links_to_target":""},"categories":[1],"tags":[],"class_list":["post-93970","post","type-post","status-publish","format-standard","has-post-thumbnail","hentry","category-geral"],"views":1499,"_links":{"self":[{"href":"https:\/\/www.sudoestehoje.com.br\/novoportal\/wp-json\/wp\/v2\/posts\/93970","targetHints":{"allow":["GET"]}}],"collection":[{"href":"https:\/\/www.sudoestehoje.com.br\/novoportal\/wp-json\/wp\/v2\/posts"}],"about":[{"href":"https:\/\/www.sudoestehoje.com.br\/novoportal\/wp-json\/wp\/v2\/types\/post"}],"author":[{"embeddable":true,"href":"https:\/\/www.sudoestehoje.com.br\/novoportal\/wp-json\/wp\/v2\/users\/2"}],"replies":[{"embeddable":true,"href":"https:\/\/www.sudoestehoje.com.br\/novoportal\/wp-json\/wp\/v2\/comments?post=93970"}],"version-history":[{"count":4,"href":"https:\/\/www.sudoestehoje.com.br\/novoportal\/wp-json\/wp\/v2\/posts\/93970\/revisions"}],"predecessor-version":[{"id":93976,"href":"https:\/\/www.sudoestehoje.com.br\/novoportal\/wp-json\/wp\/v2\/posts\/93970\/revisions\/93976"}],"wp:featuredmedia":[{"embeddable":true,"href":"https:\/\/www.sudoestehoje.com.br\/novoportal\/wp-json\/wp\/v2\/media\/93973"}],"wp:attachment":[{"href":"https:\/\/www.sudoestehoje.com.br\/novoportal\/wp-json\/wp\/v2\/media?parent=93970"}],"wp:term":[{"taxonomy":"category","embeddable":true,"href":"https:\/\/www.sudoestehoje.com.br\/novoportal\/wp-json\/wp\/v2\/categories?post=93970"},{"taxonomy":"post_tag","embeddable":true,"href":"https:\/\/www.sudoestehoje.com.br\/novoportal\/wp-json\/wp\/v2\/tags?post=93970"}],"curies":[{"name":"wp","href":"https:\/\/api.w.org\/{rel}","templated":true}]}}