
{"id":93964,"date":"2021-03-27T20:42:49","date_gmt":"2021-03-27T23:42:49","guid":{"rendered":"https:\/\/www.sudoestehoje.com.br\/novoportal\/?p=93964"},"modified":"2021-03-27T20:42:49","modified_gmt":"2021-03-27T23:42:49","slug":"fornecimento-de-agua-sera-suspenso-no-sao-francisco-e-bem-querer-nesta-segunda-feira","status":"publish","type":"post","link":"https:\/\/www.sudoestehoje.com.br\/novoportal\/2021\/03\/27\/fornecimento-de-agua-sera-suspenso-no-sao-francisco-e-bem-querer-nesta-segunda-feira\/","title":{"rendered":"FORNECIMENTO DE \u00c1GUA SER\u00c1 SUSPENSO NO S\u00c3O FRANCISCO E BEM QUERER NESTA SEGUNDA-FEIRA"},"content":{"rendered":"<p><a href=\"https:\/\/www.sudoestehoje.com.br\/novoportal\/wp-content\/uploads\/2021\/03\/saae-comunicado-3.jpeg\"><img loading=\"lazy\" decoding=\"async\" class=\"aligncenter size-medium wp-image-93965\" src=\"https:\/\/www.sudoestehoje.com.br\/novoportal\/wp-content\/uploads\/2021\/03\/saae-comunicado-3-500x320.jpeg\" alt=\"\" width=\"500\" height=\"320\" srcset=\"https:\/\/www.sudoestehoje.com.br\/novoportal\/wp-content\/uploads\/2021\/03\/saae-comunicado-3-500x320.jpeg 500w, https:\/\/www.sudoestehoje.com.br\/novoportal\/wp-content\/uploads\/2021\/03\/saae-comunicado-3-700x447.jpeg 700w, https:\/\/www.sudoestehoje.com.br\/novoportal\/wp-content\/uploads\/2021\/03\/saae-comunicado-3-768x491.jpeg 768w, https:\/\/www.sudoestehoje.com.br\/novoportal\/wp-content\/uploads\/2021\/03\/saae-comunicado-3.jpeg 1280w\" sizes=\"auto, (max-width: 500px) 100vw, 500px\" \/><\/a><\/p>\n<p>O SAAE informa aos seus usu\u00e1rios que ser\u00e1 executado um \u00a0servi\u00e7o de entroncamento de rede de \u00e1gua para abastecimento do bairro Moradas do Parque. O servi\u00e7o ser\u00e1 executado em um trecho da Avenida Esperanto, o que\u00a0<strong>provocar\u00e1 a interrup\u00e7\u00e3o do fornecimento de \u00e1gua para os bairros S\u00e3o Francisco de Assis e Moradas do Bem Querer, as partir das 7:00h da manh\u00e3 da pr\u00f3xima segunda-feira, 29\/03<\/strong>.<\/p>\n<p>Solicitamos aos moradores destas localidades que economizem no uso da \u00e1gua do reservat\u00f3rio residencial enquanto o servi\u00e7o \u00e9 executado.<\/p>\n<p>Mais uma vez contamos com a aten\u00e7\u00e3o e compreens\u00e3o de todos.<\/p>\n<p>A Dire\u00e7\u00e3o.<\/p>\n","protected":false},"excerpt":{"rendered":"<p>O SAAE informa aos seus usu\u00e1rios que ser\u00e1 executado um \u00a0servi\u00e7o de entroncamento de rede de \u00e1gua para abastecimento do bairro Moradas do Parque. O servi\u00e7o ser\u00e1 executado em um trecho da Avenida Esperanto, o que\u00a0provocar\u00e1 a interrup\u00e7\u00e3o do fornecimento de \u00e1gua para os bairros S\u00e3o Francisco de Assis e Moradas do Bem Querer, as [&hellip;]<\/p>\n","protected":false},"author":2,"featured_media":93965,"comment_status":"open","ping_status":"open","sticky":false,"template":"","format":"standard","meta":{"footnotes":"","_links_to":"","_links_to_target":""},"categories":[1],"tags":[],"class_list":["post-93964","post","type-post","status-publish","format-standard","has-post-thumbnail","hentry","category-geral"],"views":876,"_links":{"self":[{"href":"https:\/\/www.sudoestehoje.com.br\/novoportal\/wp-json\/wp\/v2\/posts\/93964","targetHints":{"allow":["GET"]}}],"collection":[{"href":"https:\/\/www.sudoestehoje.com.br\/novoportal\/wp-json\/wp\/v2\/posts"}],"about":[{"href":"https:\/\/www.sudoestehoje.com.br\/novoportal\/wp-json\/wp\/v2\/types\/post"}],"author":[{"embeddable":true,"href":"https:\/\/www.sudoestehoje.com.br\/novoportal\/wp-json\/wp\/v2\/users\/2"}],"replies":[{"embeddable":true,"href":"https:\/\/www.sudoestehoje.com.br\/novoportal\/wp-json\/wp\/v2\/comments?post=93964"}],"version-history":[{"count":4,"href":"https:\/\/www.sudoestehoje.com.br\/novoportal\/wp-json\/wp\/v2\/posts\/93964\/revisions"}],"predecessor-version":[{"id":93969,"href":"https:\/\/www.sudoestehoje.com.br\/novoportal\/wp-json\/wp\/v2\/posts\/93964\/revisions\/93969"}],"wp:featuredmedia":[{"embeddable":true,"href":"https:\/\/www.sudoestehoje.com.br\/novoportal\/wp-json\/wp\/v2\/media\/93965"}],"wp:attachment":[{"href":"https:\/\/www.sudoestehoje.com.br\/novoportal\/wp-json\/wp\/v2\/media?parent=93964"}],"wp:term":[{"taxonomy":"category","embeddable":true,"href":"https:\/\/www.sudoestehoje.com.br\/novoportal\/wp-json\/wp\/v2\/categories?post=93964"},{"taxonomy":"post_tag","embeddable":true,"href":"https:\/\/www.sudoestehoje.com.br\/novoportal\/wp-json\/wp\/v2\/tags?post=93964"}],"curies":[{"name":"wp","href":"https:\/\/api.w.org\/{rel}","templated":true}]}}