
{"id":93959,"date":"2021-03-26T20:47:03","date_gmt":"2021-03-26T23:47:03","guid":{"rendered":"https:\/\/www.sudoestehoje.com.br\/novoportal\/?p=93959"},"modified":"2021-03-26T20:47:03","modified_gmt":"2021-03-26T23:47:03","slug":"justica-suspende-toque-de-recolher-em-itabuna","status":"publish","type":"post","link":"https:\/\/www.sudoestehoje.com.br\/novoportal\/2021\/03\/26\/justica-suspende-toque-de-recolher-em-itabuna\/","title":{"rendered":"JUSTI\u00c7A SUSPENDE TOQUE DE RECOLHER EM ITABUNA"},"content":{"rendered":"<p><a href=\"https:\/\/www.sudoestehoje.com.br\/novoportal\/wp-content\/uploads\/2021\/03\/Itabuna-noturna.jpg\"><img loading=\"lazy\" decoding=\"async\" class=\"aligncenter size-medium wp-image-93961\" src=\"https:\/\/www.sudoestehoje.com.br\/novoportal\/wp-content\/uploads\/2021\/03\/Itabuna-noturna-500x332.jpg\" alt=\"\" width=\"500\" height=\"332\" srcset=\"https:\/\/www.sudoestehoje.com.br\/novoportal\/wp-content\/uploads\/2021\/03\/Itabuna-noturna-500x332.jpg 500w, https:\/\/www.sudoestehoje.com.br\/novoportal\/wp-content\/uploads\/2021\/03\/Itabuna-noturna.jpg 640w\" sizes=\"auto, (max-width: 500px) 100vw, 500px\" \/><\/a><\/p>\n<p>Nesta sexta-feira (26), o toque de recolher em Itabuna foi suspenso por decis\u00e3o liminar. O juiz Murilo Luiz Staut Barreto, da 1\u00aa Vara Criminal de Itabuna, concedeu o habeas corpus em pedido liminar apresentado por dois advogados.<\/p>\n<p>O magistrado manteve as demais medidas que podem impedir o espalhamento do novo coronav\u00edrus, a exemplo de distanciamento social, uso de m\u00e1scara e \u00e1lcool em gel. A decis\u00e3o n\u00e3o faz men\u00e7\u00e3o \u00e0s restri\u00e7\u00f5es \u00e0 abertura de estabelecimentos comerciais n\u00e3o essenciais.<\/p>\n<p>Desde fevereiro, o estado decretou toque de recolher na Bahia. Antes, a circula\u00e7\u00e3o estava restrita no per\u00edodo das 20h \u00e0s 5h. No final da semana passada, o governo baiano decidiu ampliar o toque de recolher para o per\u00edodo das 18h \u00e0s 5h, pelo menos, at\u00e9 o pr\u00f3ximo dia 5. Os servi\u00e7os n\u00e3o essenciais est\u00e3o proibidos de funcionar nos finais de semana em todo o estado. <em>\/\/Pimenta<\/em><\/p>\n","protected":false},"excerpt":{"rendered":"<p>Nesta sexta-feira (26), o toque de recolher em Itabuna foi suspenso por decis\u00e3o liminar. O juiz Murilo Luiz Staut Barreto, da 1\u00aa Vara Criminal de Itabuna, concedeu o habeas corpus em pedido liminar apresentado por dois advogados. O magistrado manteve as demais medidas que podem impedir o espalhamento do novo coronav\u00edrus, a exemplo de distanciamento [&hellip;]<\/p>\n","protected":false},"author":2,"featured_media":93961,"comment_status":"open","ping_status":"open","sticky":false,"template":"","format":"standard","meta":{"footnotes":"","_links_to":"","_links_to_target":""},"categories":[1],"tags":[],"class_list":["post-93959","post","type-post","status-publish","format-standard","has-post-thumbnail","hentry","category-geral"],"views":1771,"_links":{"self":[{"href":"https:\/\/www.sudoestehoje.com.br\/novoportal\/wp-json\/wp\/v2\/posts\/93959","targetHints":{"allow":["GET"]}}],"collection":[{"href":"https:\/\/www.sudoestehoje.com.br\/novoportal\/wp-json\/wp\/v2\/posts"}],"about":[{"href":"https:\/\/www.sudoestehoje.com.br\/novoportal\/wp-json\/wp\/v2\/types\/post"}],"author":[{"embeddable":true,"href":"https:\/\/www.sudoestehoje.com.br\/novoportal\/wp-json\/wp\/v2\/users\/2"}],"replies":[{"embeddable":true,"href":"https:\/\/www.sudoestehoje.com.br\/novoportal\/wp-json\/wp\/v2\/comments?post=93959"}],"version-history":[{"count":3,"href":"https:\/\/www.sudoestehoje.com.br\/novoportal\/wp-json\/wp\/v2\/posts\/93959\/revisions"}],"predecessor-version":[{"id":93963,"href":"https:\/\/www.sudoestehoje.com.br\/novoportal\/wp-json\/wp\/v2\/posts\/93959\/revisions\/93963"}],"wp:featuredmedia":[{"embeddable":true,"href":"https:\/\/www.sudoestehoje.com.br\/novoportal\/wp-json\/wp\/v2\/media\/93961"}],"wp:attachment":[{"href":"https:\/\/www.sudoestehoje.com.br\/novoportal\/wp-json\/wp\/v2\/media?parent=93959"}],"wp:term":[{"taxonomy":"category","embeddable":true,"href":"https:\/\/www.sudoestehoje.com.br\/novoportal\/wp-json\/wp\/v2\/categories?post=93959"},{"taxonomy":"post_tag","embeddable":true,"href":"https:\/\/www.sudoestehoje.com.br\/novoportal\/wp-json\/wp\/v2\/tags?post=93959"}],"curies":[{"name":"wp","href":"https:\/\/api.w.org\/{rel}","templated":true}]}}