
{"id":93955,"date":"2021-03-26T19:15:58","date_gmt":"2021-03-26T22:15:58","guid":{"rendered":"https:\/\/www.sudoestehoje.com.br\/novoportal\/?p=93955"},"modified":"2021-03-26T19:15:58","modified_gmt":"2021-03-26T22:15:58","slug":"bahia-bate-recorde-de-mortes-por-covid-19-no-periodo-de-24-horas-155-obitos","status":"publish","type":"post","link":"https:\/\/www.sudoestehoje.com.br\/novoportal\/2021\/03\/26\/bahia-bate-recorde-de-mortes-por-covid-19-no-periodo-de-24-horas-155-obitos\/","title":{"rendered":"BAHIA BATE RECORDE DE MORTES POR COVID-19 NO PER\u00cdODO DE 24 HORAS; 155 \u00d3BITOS"},"content":{"rendered":"<p><a href=\"https:\/\/www.sudoestehoje.com.br\/novoportal\/wp-content\/uploads\/2021\/03\/ENTERRO.jpg\"><img loading=\"lazy\" decoding=\"async\" class=\"aligncenter size-medium wp-image-93957\" src=\"https:\/\/www.sudoestehoje.com.br\/novoportal\/wp-content\/uploads\/2021\/03\/ENTERRO-500x333.jpg\" alt=\"\" width=\"500\" height=\"333\" srcset=\"https:\/\/www.sudoestehoje.com.br\/novoportal\/wp-content\/uploads\/2021\/03\/ENTERRO-500x333.jpg 500w, https:\/\/www.sudoestehoje.com.br\/novoportal\/wp-content\/uploads\/2021\/03\/ENTERRO-700x467.jpg 700w, https:\/\/www.sudoestehoje.com.br\/novoportal\/wp-content\/uploads\/2021\/03\/ENTERRO-768x512.jpg 768w, https:\/\/www.sudoestehoje.com.br\/novoportal\/wp-content\/uploads\/2021\/03\/ENTERRO.jpg 1024w\" sizes=\"auto, (max-width: 500px) 100vw, 500px\" \/><\/a><\/p>\n<p>A Bahia alcan\u00e7ou seu novo recorde de mortes por Covid-19 no per\u00edodo equivalente a um dia. A Secretaria Estadual da Sa\u00fade (Sesab) notificou, at\u00e9 o fim da tarde desta sexta-feira (26), 155 novos \u00f3bitos em decorr\u00eancia da doen\u00e7a, superando as 153 v\u00edtimas do dia 18 de mar\u00e7o.<\/p>\n<p style=\"font-weight: 400;\">Os casos ativos da doen\u00e7a no estado tamb\u00e9m subiram no per\u00edodo, de 15.993 para 16.661. Os 10 munic\u00edpios baianos com mais contaminados, segundo a Sesab, s\u00e3o Salvador (3.620), Feira de Santana (454), Itabuna (427), Cama\u00e7ari (415), Vit\u00f3ria da Conquista (355), Ilh\u00e9us (269), Lauro de Freitas (269), Guanambi (264), Juazeiro (236) e Eun\u00e1polis (213).<\/p>\n<p style=\"font-weight: 400;\">Por outro lado, o n\u00famero de internados com casos graves da doen\u00e7a caiu nas \u00faltimas 24 horas. Eram 1.263 pacientes em leitos de terapia intensiva na quinta-feira (25) e s\u00e3o 1.249 nesta sexta (26). Entre eles, 1.228 adultos e 21 crian\u00e7as.<\/p>\n<p style=\"font-weight: 400;\">A taxa de ocupa\u00e7\u00e3o das UTIs para adultos tamb\u00e9m apresentou uma pequena redu\u00e7\u00e3o, de 87% para 86%. J\u00e1 os leitos pedi\u00e1tricos de terapia intensiva se mantiveram em 58%.<\/p>\n","protected":false},"excerpt":{"rendered":"<p>A Bahia alcan\u00e7ou seu novo recorde de mortes por Covid-19 no per\u00edodo equivalente a um dia. A Secretaria Estadual da Sa\u00fade (Sesab) notificou, at\u00e9 o fim da tarde desta sexta-feira (26), 155 novos \u00f3bitos em decorr\u00eancia da doen\u00e7a, superando as 153 v\u00edtimas do dia 18 de mar\u00e7o. Os casos ativos da doen\u00e7a no estado tamb\u00e9m [&hellip;]<\/p>\n","protected":false},"author":2,"featured_media":93957,"comment_status":"open","ping_status":"open","sticky":false,"template":"","format":"standard","meta":{"footnotes":"","_links_to":"","_links_to_target":""},"categories":[1],"tags":[],"class_list":["post-93955","post","type-post","status-publish","format-standard","has-post-thumbnail","hentry","category-geral"],"views":1159,"_links":{"self":[{"href":"https:\/\/www.sudoestehoje.com.br\/novoportal\/wp-json\/wp\/v2\/posts\/93955","targetHints":{"allow":["GET"]}}],"collection":[{"href":"https:\/\/www.sudoestehoje.com.br\/novoportal\/wp-json\/wp\/v2\/posts"}],"about":[{"href":"https:\/\/www.sudoestehoje.com.br\/novoportal\/wp-json\/wp\/v2\/types\/post"}],"author":[{"embeddable":true,"href":"https:\/\/www.sudoestehoje.com.br\/novoportal\/wp-json\/wp\/v2\/users\/2"}],"replies":[{"embeddable":true,"href":"https:\/\/www.sudoestehoje.com.br\/novoportal\/wp-json\/wp\/v2\/comments?post=93955"}],"version-history":[{"count":2,"href":"https:\/\/www.sudoestehoje.com.br\/novoportal\/wp-json\/wp\/v2\/posts\/93955\/revisions"}],"predecessor-version":[{"id":93958,"href":"https:\/\/www.sudoestehoje.com.br\/novoportal\/wp-json\/wp\/v2\/posts\/93955\/revisions\/93958"}],"wp:featuredmedia":[{"embeddable":true,"href":"https:\/\/www.sudoestehoje.com.br\/novoportal\/wp-json\/wp\/v2\/media\/93957"}],"wp:attachment":[{"href":"https:\/\/www.sudoestehoje.com.br\/novoportal\/wp-json\/wp\/v2\/media?parent=93955"}],"wp:term":[{"taxonomy":"category","embeddable":true,"href":"https:\/\/www.sudoestehoje.com.br\/novoportal\/wp-json\/wp\/v2\/categories?post=93955"},{"taxonomy":"post_tag","embeddable":true,"href":"https:\/\/www.sudoestehoje.com.br\/novoportal\/wp-json\/wp\/v2\/tags?post=93955"}],"curies":[{"name":"wp","href":"https:\/\/api.w.org\/{rel}","templated":true}]}}