
{"id":93920,"date":"2021-03-25T16:11:44","date_gmt":"2021-03-25T19:11:44","guid":{"rendered":"https:\/\/www.sudoestehoje.com.br\/novoportal\/?p=93920"},"modified":"2021-03-25T16:11:44","modified_gmt":"2021-03-25T19:11:44","slug":"parana-pesquisa-acm-neto-tem-o-dobro-dos-votos-de-wagner-na-corrida-para-o-governo","status":"publish","type":"post","link":"https:\/\/www.sudoestehoje.com.br\/novoportal\/2021\/03\/25\/parana-pesquisa-acm-neto-tem-o-dobro-dos-votos-de-wagner-na-corrida-para-o-governo\/","title":{"rendered":"PARAN\u00c1 PESQUISA: ACM NETO TEM O DOBRO DOS VOTOS DE WAGNER NA CORRIDA PARA O GOVERNO"},"content":{"rendered":"<p><a href=\"https:\/\/www.sudoestehoje.com.br\/novoportal\/wp-content\/uploads\/2021\/03\/NETO-E-WAGNER.jpg\"><img loading=\"lazy\" decoding=\"async\" class=\"aligncenter  wp-image-93922\" src=\"https:\/\/www.sudoestehoje.com.br\/novoportal\/wp-content\/uploads\/2021\/03\/NETO-E-WAGNER.jpg\" alt=\"\" width=\"501\" height=\"369\" \/><\/a><\/p>\n<p>O ex-prefeito de Salvador, ACM Neto (DEM), lidera todos os cen\u00e1rios testados para o governo da Bahia em um levantamento realizado pelo Instituto Paran\u00e1 Pesquisas, em parceria com o <strong><em>Bahia Not\u00edcias<\/em><\/strong>. O presidente nacional do DEM foi testado em um cen\u00e1rio com at\u00e9 sete nomes e tamb\u00e9m em uma disputa direta com o ex-governador Jaques Wagner (PT) em 2022. ACM Neto tem percentual de inten\u00e7\u00f5es de voto entre <strong>49,3% e 56,5%<\/strong> na corrida para governador.<\/p>\n<p>O primeiro cen\u00e1rio testado foi pulverizado, trazendo tamb\u00e9m nomes como o senador <strong>Otto Alencar<\/strong> (PSD) e o vice-governador <strong>Jo\u00e3o Le\u00e3o<\/strong> (PP), dois caciques partid\u00e1rios e que eventualmente podem disputar o Pal\u00e1cio de Ondina. <strong>O ex-prefeito de Salvador tem 49,3%, enquanto Wagner tem menos que a metade, 21,4%.<\/strong><\/p>\n<p>A secret\u00e1ria de Sa\u00fade de Porto Seguro, <strong>Ra\u00edssa Soares,<\/strong> que \u00e9 citada como um potencial nome do bolsonarismo na disputa pelo governo da Bahia aparece com <strong>3,9%<\/strong> das inten\u00e7\u00f5es de voto, <strong>mesmo percentual do senador Otto Alencar<\/strong>. <strong>Jo\u00e3o Le\u00e3o<\/strong> aparece abaixo, como op\u00e7\u00e3o para<strong> 2,5%<\/strong> dos eleitores. Completam a lista estimulada o vereador <strong>Alexandre Aleluia<\/strong> (DEM), com <strong>0,6%<\/strong>, e ex-vereador <strong>Marcos Mendes<\/strong> (PSOL), com <strong>0,5%.<\/strong> Brancos e nulos somam 12,5% e apenas 5,3% n\u00e3o souberam ou n\u00e3o responderam.<\/p>\n<p>Em um cen\u00e1rio mais reduzido, mantida a coaliz\u00e3o do grupo pol\u00edtico do governador Rui Costa em torno da candidatura de Wagner, ACM Neto tamb\u00e9m tem mais do que o dobro de votos do petista<strong>.<\/strong> <strong>O ex-gestor da capital baiana marca 51,9% das inten\u00e7\u00f5es de voto e Wagner fica com 24,2%<\/strong>. A dra. Ra\u00edssa Soares, que ficou nacionalmente conhecida pela defesa do \u2018kit Covid\u2019 para tratamento precoce da Covid-19, \u00e9 op\u00e7\u00e3o para 4,2% dos baianos. Marcos Mendes foi op\u00e7\u00e3o para 0,8%. Brancos e nulos aumentam nesse cen\u00e1rio: 13,8%, enquanto o n\u00famero de eleitores que n\u00e3o souberam ou n\u00e3o responderam cai para 5%.<\/p>\n<p>O Instituto Paran\u00e1 Pesquisas ainda testou um cen\u00e1rio ainda mais restrito, com as candidaturas de ACM Neto e Jaques Wagner apenas. A diferen\u00e7a entre os dois nomes aumenta, com o ex-prefeito apresentando<strong> 56,5%<\/strong> das inten\u00e7\u00f5es de voto e Wagner marcando<strong> 25,8%.<\/strong> O n\u00famero de brancos e nulos fica em 13,7% e 4% n\u00e3o souberam ou n\u00e3o responderam.<\/p>\n","protected":false},"excerpt":{"rendered":"<p>O ex-prefeito de Salvador, ACM Neto (DEM), lidera todos os cen\u00e1rios testados para o governo da Bahia em um levantamento realizado pelo Instituto Paran\u00e1 Pesquisas, em parceria com o Bahia Not\u00edcias. O presidente nacional do DEM foi testado em um cen\u00e1rio com at\u00e9 sete nomes e tamb\u00e9m em uma disputa direta com o ex-governador Jaques [&hellip;]<\/p>\n","protected":false},"author":2,"featured_media":93922,"comment_status":"open","ping_status":"open","sticky":false,"template":"","format":"standard","meta":{"footnotes":"","_links_to":"","_links_to_target":""},"categories":[1],"tags":[],"class_list":["post-93920","post","type-post","status-publish","format-standard","has-post-thumbnail","hentry","category-geral"],"views":1535,"_links":{"self":[{"href":"https:\/\/www.sudoestehoje.com.br\/novoportal\/wp-json\/wp\/v2\/posts\/93920","targetHints":{"allow":["GET"]}}],"collection":[{"href":"https:\/\/www.sudoestehoje.com.br\/novoportal\/wp-json\/wp\/v2\/posts"}],"about":[{"href":"https:\/\/www.sudoestehoje.com.br\/novoportal\/wp-json\/wp\/v2\/types\/post"}],"author":[{"embeddable":true,"href":"https:\/\/www.sudoestehoje.com.br\/novoportal\/wp-json\/wp\/v2\/users\/2"}],"replies":[{"embeddable":true,"href":"https:\/\/www.sudoestehoje.com.br\/novoportal\/wp-json\/wp\/v2\/comments?post=93920"}],"version-history":[{"count":6,"href":"https:\/\/www.sudoestehoje.com.br\/novoportal\/wp-json\/wp\/v2\/posts\/93920\/revisions"}],"predecessor-version":[{"id":93927,"href":"https:\/\/www.sudoestehoje.com.br\/novoportal\/wp-json\/wp\/v2\/posts\/93920\/revisions\/93927"}],"wp:featuredmedia":[{"embeddable":true,"href":"https:\/\/www.sudoestehoje.com.br\/novoportal\/wp-json\/wp\/v2\/media\/93922"}],"wp:attachment":[{"href":"https:\/\/www.sudoestehoje.com.br\/novoportal\/wp-json\/wp\/v2\/media?parent=93920"}],"wp:term":[{"taxonomy":"category","embeddable":true,"href":"https:\/\/www.sudoestehoje.com.br\/novoportal\/wp-json\/wp\/v2\/categories?post=93920"},{"taxonomy":"post_tag","embeddable":true,"href":"https:\/\/www.sudoestehoje.com.br\/novoportal\/wp-json\/wp\/v2\/tags?post=93920"}],"curies":[{"name":"wp","href":"https:\/\/api.w.org\/{rel}","templated":true}]}}