
{"id":93902,"date":"2021-03-24T19:57:04","date_gmt":"2021-03-24T22:57:04","guid":{"rendered":"https:\/\/www.sudoestehoje.com.br\/novoportal\/?p=93902"},"modified":"2021-03-24T19:59:41","modified_gmt":"2021-03-24T22:59:41","slug":"itapetinga-acumula-544-novos-casos-de-covid-19-em-marco-com-19-obitos","status":"publish","type":"post","link":"https:\/\/www.sudoestehoje.com.br\/novoportal\/2021\/03\/24\/itapetinga-acumula-544-novos-casos-de-covid-19-em-marco-com-19-obitos\/","title":{"rendered":"ITAPETINGA ACUMULA 544 NOVOS CASOS DE COVID-19 EM MAR\u00c7O COM 19 \u00d3BITOS"},"content":{"rendered":"<p><a href=\"https:\/\/www.sudoestehoje.com.br\/novoportal\/wp-content\/uploads\/2021\/03\/Itapetinga-2-1.jpg\"><img loading=\"lazy\" decoding=\"async\" class=\"aligncenter size-medium wp-image-93905\" src=\"https:\/\/www.sudoestehoje.com.br\/novoportal\/wp-content\/uploads\/2021\/03\/Itapetinga-2-1-500x281.jpg\" alt=\"\" width=\"500\" height=\"281\" srcset=\"https:\/\/www.sudoestehoje.com.br\/novoportal\/wp-content\/uploads\/2021\/03\/Itapetinga-2-1-500x281.jpg 500w, https:\/\/www.sudoestehoje.com.br\/novoportal\/wp-content\/uploads\/2021\/03\/Itapetinga-2-1.jpg 700w\" sizes=\"auto, (max-width: 500px) 100vw, 500px\" \/><\/a><\/p>\n<p>De acordo com os boletins oficiais di\u00e1rios da Secretaria Municipal de Sa\u00fade de Itapetinga, at\u00e9 esta quarta-feira (24), o munic\u00edpio j\u00e1 registrou <strong>544 novos casos<\/strong> da Covid-19,<strong> no m\u00eas de mar\u00e7o<\/strong>, um salto impressionante nas ocorr\u00eancias, desde o in\u00edcio da pandemia, h\u00e1 cerca de um ano.<\/p>\n<p>Os <strong>\u00f3bitos<\/strong> em decorr\u00eancia do novo v\u00edrus, tamb\u00e9m ocorreu um salto impressionante, <strong>com 19 registros em mar\u00e7o,<\/strong> atribu\u00eddos ao surgimento de uma nova variante da Covid-19 e ao relaxamento por parte da popula\u00e7\u00e3o jovem, que vem promovendo aglomera\u00e7\u00f5es em bares, lanchonetes e principalmente nas praias do sul do estado, durante os &#8216;feriad\u00f5es&#8217; de Ano Novo e Carnaval.<\/p>\n<p>Outro fator que vem contribuindo para o agravamento da pandemia em Itapetinga, s\u00e3o os deslocamentos constantes para outros munic\u00edpios, como Vit\u00f3ria da Conquista, onde os n\u00fameros da pandemia s\u00e3o alarmantes.<\/p>\n<p>As autoridades sanit\u00e1rias de Itapetinga recomendam que sejam evitados esses deslocamentos para as cidades vizinhas, se n\u00e3o houver extrema necessidade e manter o isolamento social, al\u00e9m do uso de m\u00e1scaras e outros protocolos de higieniza\u00e7\u00e3o das m\u00e3os.<\/p>\n<p><strong><em>Por Davi Ferraz<\/em><\/strong><\/p>\n","protected":false},"excerpt":{"rendered":"<p>De acordo com os boletins oficiais di\u00e1rios da Secretaria Municipal de Sa\u00fade de Itapetinga, at\u00e9 esta quarta-feira (24), o munic\u00edpio j\u00e1 registrou 544 novos casos da Covid-19, no m\u00eas de mar\u00e7o, um salto impressionante nas ocorr\u00eancias, desde o in\u00edcio da pandemia, h\u00e1 cerca de um ano. Os \u00f3bitos em decorr\u00eancia do novo v\u00edrus, tamb\u00e9m ocorreu [&hellip;]<\/p>\n","protected":false},"author":2,"featured_media":93905,"comment_status":"open","ping_status":"open","sticky":false,"template":"","format":"standard","meta":{"footnotes":"","_links_to":"","_links_to_target":""},"categories":[1],"tags":[],"class_list":["post-93902","post","type-post","status-publish","format-standard","has-post-thumbnail","hentry","category-geral"],"views":1581,"_links":{"self":[{"href":"https:\/\/www.sudoestehoje.com.br\/novoportal\/wp-json\/wp\/v2\/posts\/93902","targetHints":{"allow":["GET"]}}],"collection":[{"href":"https:\/\/www.sudoestehoje.com.br\/novoportal\/wp-json\/wp\/v2\/posts"}],"about":[{"href":"https:\/\/www.sudoestehoje.com.br\/novoportal\/wp-json\/wp\/v2\/types\/post"}],"author":[{"embeddable":true,"href":"https:\/\/www.sudoestehoje.com.br\/novoportal\/wp-json\/wp\/v2\/users\/2"}],"replies":[{"embeddable":true,"href":"https:\/\/www.sudoestehoje.com.br\/novoportal\/wp-json\/wp\/v2\/comments?post=93902"}],"version-history":[{"count":5,"href":"https:\/\/www.sudoestehoje.com.br\/novoportal\/wp-json\/wp\/v2\/posts\/93902\/revisions"}],"predecessor-version":[{"id":93910,"href":"https:\/\/www.sudoestehoje.com.br\/novoportal\/wp-json\/wp\/v2\/posts\/93902\/revisions\/93910"}],"wp:featuredmedia":[{"embeddable":true,"href":"https:\/\/www.sudoestehoje.com.br\/novoportal\/wp-json\/wp\/v2\/media\/93905"}],"wp:attachment":[{"href":"https:\/\/www.sudoestehoje.com.br\/novoportal\/wp-json\/wp\/v2\/media?parent=93902"}],"wp:term":[{"taxonomy":"category","embeddable":true,"href":"https:\/\/www.sudoestehoje.com.br\/novoportal\/wp-json\/wp\/v2\/categories?post=93902"},{"taxonomy":"post_tag","embeddable":true,"href":"https:\/\/www.sudoestehoje.com.br\/novoportal\/wp-json\/wp\/v2\/tags?post=93902"}],"curies":[{"name":"wp","href":"https:\/\/api.w.org\/{rel}","templated":true}]}}