
{"id":93897,"date":"2021-03-24T18:49:56","date_gmt":"2021-03-24T21:49:56","guid":{"rendered":"https:\/\/www.sudoestehoje.com.br\/novoportal\/?p=93897"},"modified":"2021-03-24T18:49:56","modified_gmt":"2021-03-24T21:49:56","slug":"educacao-alunos-novos-podem-se-matricular-na-rede-estadual-ate-esta-quinta","status":"publish","type":"post","link":"https:\/\/www.sudoestehoje.com.br\/novoportal\/2021\/03\/24\/educacao-alunos-novos-podem-se-matricular-na-rede-estadual-ate-esta-quinta\/","title":{"rendered":"EDUCA\u00c7\u00c3O: ALUNOS NOVOS PODEM SE MATRICULAR NA REDE ESTADUAL AT\u00c9 ESTA QUINTA"},"content":{"rendered":"<p><a href=\"https:\/\/www.sudoestehoje.com.br\/novoportal\/wp-content\/uploads\/2021\/03\/ALUNOS.jpg\"><img loading=\"lazy\" decoding=\"async\" class=\"aligncenter  wp-image-93898\" src=\"https:\/\/www.sudoestehoje.com.br\/novoportal\/wp-content\/uploads\/2021\/03\/ALUNOS.jpg\" alt=\"\" width=\"501\" height=\"369\" \/><\/a><\/p>\n<p>Os alunos egressos de escolas municipais e que desejam se matricular na rede estadual de ensino t\u00eam at\u00e9 esta quinta-feira (25) para realizar a matr\u00edcula. A matr\u00edcula pode ser feita pelo SAC Digital (<a href=\"http:\/\/www.sacdigital.ba.gov.br\/\" target=\"_blank\" rel=\"noopener noreferrer\"><strong>dispon\u00edvel aqui<\/strong><\/a>), ou pelo aplicativo SAC DIGITAL (dispon\u00edvel gratuitamente nos sistemas Android e IOS). Para os estudantes ou pais sem acesso \u00e0 internet, a matr\u00edcula pode ser feita diretamente da escola, com hor\u00e1rios agendados por telefone, adotando todos os protocolos sanit\u00e1rios durante o atendimento.<\/p>\n<p>Come\u00e7ou nesta quarta-feira (24) a matr\u00edcula para os alunos egressos na rede privada.<\/p>\n<p>A matr\u00edcula est\u00e1 ocorrendo por blocos de munic\u00edpios que fazem parte dos 27 N\u00facleos Territoriais de Educa\u00e7\u00e3o (NTE). Os estudantes precisam consultar as datas, conforme o cronograma dispon\u00edvel no portal da Educa\u00e7\u00e3o (<a href=\"http:\/\/estudantes.educacao.ba.gov.br\/matricula2021\" target=\"_blank\" rel=\"noopener noreferrer\"><strong>dispon\u00edvel aqui<\/strong><\/a>).<\/p>\n<p>O primeiro bloco, iniciado nesta ter\u00e7a (23) e que segue at\u00e9 o dia 25 de mar\u00e7o, contempla os seguintes NTEs: Irec\u00ea (NTE 01), Bom Jesus da Lapa (NTE 02), Seabra (NTE 03), Serrinha (NTE 04), Itabuna (NTE 05), Valen\u00e7a (NTE 06) e <strong>Itapetinga (NTE 08)<\/strong>.<\/p>\n","protected":false},"excerpt":{"rendered":"<p>Os alunos egressos de escolas municipais e que desejam se matricular na rede estadual de ensino t\u00eam at\u00e9 esta quinta-feira (25) para realizar a matr\u00edcula. A matr\u00edcula pode ser feita pelo SAC Digital (dispon\u00edvel aqui), ou pelo aplicativo SAC DIGITAL (dispon\u00edvel gratuitamente nos sistemas Android e IOS). Para os estudantes ou pais sem acesso \u00e0 [&hellip;]<\/p>\n","protected":false},"author":2,"featured_media":93898,"comment_status":"open","ping_status":"open","sticky":false,"template":"","format":"standard","meta":{"footnotes":"","_links_to":"","_links_to_target":""},"categories":[1],"tags":[],"class_list":["post-93897","post","type-post","status-publish","format-standard","has-post-thumbnail","hentry","category-geral"],"views":897,"_links":{"self":[{"href":"https:\/\/www.sudoestehoje.com.br\/novoportal\/wp-json\/wp\/v2\/posts\/93897","targetHints":{"allow":["GET"]}}],"collection":[{"href":"https:\/\/www.sudoestehoje.com.br\/novoportal\/wp-json\/wp\/v2\/posts"}],"about":[{"href":"https:\/\/www.sudoestehoje.com.br\/novoportal\/wp-json\/wp\/v2\/types\/post"}],"author":[{"embeddable":true,"href":"https:\/\/www.sudoestehoje.com.br\/novoportal\/wp-json\/wp\/v2\/users\/2"}],"replies":[{"embeddable":true,"href":"https:\/\/www.sudoestehoje.com.br\/novoportal\/wp-json\/wp\/v2\/comments?post=93897"}],"version-history":[{"count":2,"href":"https:\/\/www.sudoestehoje.com.br\/novoportal\/wp-json\/wp\/v2\/posts\/93897\/revisions"}],"predecessor-version":[{"id":93900,"href":"https:\/\/www.sudoestehoje.com.br\/novoportal\/wp-json\/wp\/v2\/posts\/93897\/revisions\/93900"}],"wp:featuredmedia":[{"embeddable":true,"href":"https:\/\/www.sudoestehoje.com.br\/novoportal\/wp-json\/wp\/v2\/media\/93898"}],"wp:attachment":[{"href":"https:\/\/www.sudoestehoje.com.br\/novoportal\/wp-json\/wp\/v2\/media?parent=93897"}],"wp:term":[{"taxonomy":"category","embeddable":true,"href":"https:\/\/www.sudoestehoje.com.br\/novoportal\/wp-json\/wp\/v2\/categories?post=93897"},{"taxonomy":"post_tag","embeddable":true,"href":"https:\/\/www.sudoestehoje.com.br\/novoportal\/wp-json\/wp\/v2\/tags?post=93897"}],"curies":[{"name":"wp","href":"https:\/\/api.w.org\/{rel}","templated":true}]}}