
{"id":93893,"date":"2021-03-24T18:16:38","date_gmt":"2021-03-24T21:16:38","guid":{"rendered":"https:\/\/www.sudoestehoje.com.br\/novoportal\/?p=93893"},"modified":"2021-03-24T19:10:40","modified_gmt":"2021-03-24T22:10:40","slug":"novo-ministro-da-saude-promete-vacinar-1-milhao-de-pessoas-por-dia-contra-covid-19","status":"publish","type":"post","link":"https:\/\/www.sudoestehoje.com.br\/novoportal\/2021\/03\/24\/novo-ministro-da-saude-promete-vacinar-1-milhao-de-pessoas-por-dia-contra-covid-19\/","title":{"rendered":"NOVO MINISTRO DA SA\u00daDE PROMETE VACINAR 1 MILH\u00c3O DE PESSOAS POR DIA CONTRA COVID-19"},"content":{"rendered":"<p><a href=\"https:\/\/www.sudoestehoje.com.br\/novoportal\/wp-content\/uploads\/2021\/03\/MINISTRO-QUEIROGA.jpg\"><img loading=\"lazy\" decoding=\"async\" class=\"size-medium wp-image-93895\" src=\"https:\/\/www.sudoestehoje.com.br\/novoportal\/wp-content\/uploads\/2021\/03\/MINISTRO-QUEIROGA-500x282.jpg\" alt=\"\" width=\"500\" height=\"282\" srcset=\"https:\/\/www.sudoestehoje.com.br\/novoportal\/wp-content\/uploads\/2021\/03\/MINISTRO-QUEIROGA-500x282.jpg 500w, https:\/\/www.sudoestehoje.com.br\/novoportal\/wp-content\/uploads\/2021\/03\/MINISTRO-QUEIROGA.jpg 660w\" sizes=\"auto, (max-width: 500px) 100vw, 500px\" \/><\/a><\/p>\n<p>O ministro da Sa\u00fade, Marcelo Queiroga, prometeu nesta quarta-feira (24) que o Brasil vai aumentar a m\u00e9dia de pessoas vacinadas diariamente contra a Covid-19 no Brasil para 1 milh\u00e3o. Atualmente, segundo ele, 300 brasileiros s\u00e3o imunizados a cada dia.<\/p>\n<p>\u201cAtualmente vacinamos 300 mil indiv\u00edduos todos os dias. O governo e o ministro assume o compromisso de em curto prazo aumentar em 3x para 1 milh\u00e3o de vacinas por dia\u201d, afirmou, durante entrevista coletiva.<\/p>\n<p>Queiroga tamb\u00e9m anunciou dois nomes que assumir\u00e3o as secretarias Executiva e Sa\u00fade Especializada. S\u00e3o eles, respectivamente, Rodrigo Castro e S\u00e9rgio Okano. \u201cO presidente da Rep\u00fablica me deu autonomia para indicar o secretariado do minist\u00e9rio da sa\u00fade e fiz para que tenhamos sucesso\u201d, explicou. \u201dPe\u00e7o um voto de confian\u00e7a\u201d, acrescentou.<\/p>\n<p>Rodrigo Castro era funcion\u00e1rio de carreira do Minist\u00e9rio da Economia, enquanto Okano \u00e9 m\u00e9dico do Hospital das Cl\u00ednicas em S\u00e3o Paulo.<\/p>\n","protected":false},"excerpt":{"rendered":"<p>O ministro da Sa\u00fade, Marcelo Queiroga, prometeu nesta quarta-feira (24) que o Brasil vai aumentar a m\u00e9dia de pessoas vacinadas diariamente contra a Covid-19 no Brasil para 1 milh\u00e3o. Atualmente, segundo ele, 300 brasileiros s\u00e3o imunizados a cada dia. \u201cAtualmente vacinamos 300 mil indiv\u00edduos todos os dias. O governo e o ministro assume o compromisso [&hellip;]<\/p>\n","protected":false},"author":2,"featured_media":93895,"comment_status":"open","ping_status":"open","sticky":false,"template":"","format":"standard","meta":{"footnotes":"","_links_to":"","_links_to_target":""},"categories":[1],"tags":[],"class_list":["post-93893","post","type-post","status-publish","format-standard","has-post-thumbnail","hentry","category-geral"],"views":978,"_links":{"self":[{"href":"https:\/\/www.sudoestehoje.com.br\/novoportal\/wp-json\/wp\/v2\/posts\/93893","targetHints":{"allow":["GET"]}}],"collection":[{"href":"https:\/\/www.sudoestehoje.com.br\/novoportal\/wp-json\/wp\/v2\/posts"}],"about":[{"href":"https:\/\/www.sudoestehoje.com.br\/novoportal\/wp-json\/wp\/v2\/types\/post"}],"author":[{"embeddable":true,"href":"https:\/\/www.sudoestehoje.com.br\/novoportal\/wp-json\/wp\/v2\/users\/2"}],"replies":[{"embeddable":true,"href":"https:\/\/www.sudoestehoje.com.br\/novoportal\/wp-json\/wp\/v2\/comments?post=93893"}],"version-history":[{"count":3,"href":"https:\/\/www.sudoestehoje.com.br\/novoportal\/wp-json\/wp\/v2\/posts\/93893\/revisions"}],"predecessor-version":[{"id":93901,"href":"https:\/\/www.sudoestehoje.com.br\/novoportal\/wp-json\/wp\/v2\/posts\/93893\/revisions\/93901"}],"wp:featuredmedia":[{"embeddable":true,"href":"https:\/\/www.sudoestehoje.com.br\/novoportal\/wp-json\/wp\/v2\/media\/93895"}],"wp:attachment":[{"href":"https:\/\/www.sudoestehoje.com.br\/novoportal\/wp-json\/wp\/v2\/media?parent=93893"}],"wp:term":[{"taxonomy":"category","embeddable":true,"href":"https:\/\/www.sudoestehoje.com.br\/novoportal\/wp-json\/wp\/v2\/categories?post=93893"},{"taxonomy":"post_tag","embeddable":true,"href":"https:\/\/www.sudoestehoje.com.br\/novoportal\/wp-json\/wp\/v2\/tags?post=93893"}],"curies":[{"name":"wp","href":"https:\/\/api.w.org\/{rel}","templated":true}]}}