
{"id":93889,"date":"2021-03-24T08:23:23","date_gmt":"2021-03-24T11:23:23","guid":{"rendered":"https:\/\/www.sudoestehoje.com.br\/novoportal\/?p=93889"},"modified":"2021-03-24T08:23:23","modified_gmt":"2021-03-24T11:23:23","slug":"campanha-nacional-de-vacinacao-contra-a-gripe-influenza-comeca-em-12-de-abril","status":"publish","type":"post","link":"https:\/\/www.sudoestehoje.com.br\/novoportal\/2021\/03\/24\/campanha-nacional-de-vacinacao-contra-a-gripe-influenza-comeca-em-12-de-abril\/","title":{"rendered":"CAMPANHA NACIONAL DE VACINA\u00c7\u00c3O CONTRA A GRIPE INFLUENZA COME\u00c7A EM 12 DE ABRIL"},"content":{"rendered":"<div class=\"mc-column content-text active-extra-styles \" data-block-type=\"unstyled\" data-block-weight=\"48\" data-block-id=\"2\">\n<p data-track-category=\"Link no Texto\" data-track-links=\"\"><a href=\"https:\/\/www.sudoestehoje.com.br\/novoportal\/wp-content\/uploads\/2021\/03\/vacina-gripe-2021-quem-de-deve-tomar.jpg\"><img loading=\"lazy\" decoding=\"async\" class=\"aligncenter size-medium wp-image-93891\" src=\"https:\/\/www.sudoestehoje.com.br\/novoportal\/wp-content\/uploads\/2021\/03\/vacina-gripe-2021-quem-de-deve-tomar-500x263.jpg\" alt=\"\" width=\"500\" height=\"263\" srcset=\"https:\/\/www.sudoestehoje.com.br\/novoportal\/wp-content\/uploads\/2021\/03\/vacina-gripe-2021-quem-de-deve-tomar-500x263.jpg 500w, https:\/\/www.sudoestehoje.com.br\/novoportal\/wp-content\/uploads\/2021\/03\/vacina-gripe-2021-quem-de-deve-tomar-700x368.jpg 700w, https:\/\/www.sudoestehoje.com.br\/novoportal\/wp-content\/uploads\/2021\/03\/vacina-gripe-2021-quem-de-deve-tomar-768x403.jpg 768w, https:\/\/www.sudoestehoje.com.br\/novoportal\/wp-content\/uploads\/2021\/03\/vacina-gripe-2021-quem-de-deve-tomar.jpg 1200w\" sizes=\"auto, (max-width: 500px) 100vw, 500px\" \/><\/a><\/p>\n<p class=\"content-text__container \" data-track-category=\"Link no Texto\" data-track-links=\"\">A Campanha Nacional de Vacina\u00e7\u00e3o contra a Influenza, o v\u00edrus da gripe, come\u00e7a no dia 12 de abril e vai at\u00e9 9 de julho. O p\u00fablico-alvo \u00e9 estimado em 79,7 milh\u00f5es de brasileiros, e a meta do Minist\u00e9rio da Sa\u00fade \u00e9 vacinar pelo menos 90% dos grupos priorit\u00e1rios.<\/p>\n<\/div>\n<div class=\"wall protected-content\">\n<div class=\"mc-column content-text active-extra-styles \" data-block-type=\"unstyled\" data-block-weight=\"52\" data-block-id=\"3\">\n<p class=\"content-text__container \" data-track-category=\"Link no Texto\" data-track-links=\"\">Os grupos priorit\u00e1rios ser\u00e3o distribu\u00eddos em tr\u00eas etapas, de forma escalonada.\u00a0<span class=\"highlight highlighted\">Neste ano, a vacina\u00e7\u00e3o vai come\u00e7ar por crian\u00e7as, gestantes, pu\u00e9rperas, povos ind\u00edgenas e trabalhadores da sa\u00fade<\/span>. Depois, ser\u00e1 a vez dos idosos e dos professores.<\/p>\n<\/div>\n<div class=\"mc-column content-text active-extra-styles \" data-block-type=\"unstyled\" data-block-weight=\"48\" data-block-id=\"4\">\n<p class=\"content-text__container \" data-track-category=\"Link no Texto\" data-track-links=\"\">A campanha de vacina\u00e7\u00e3o contra a gripe vai coincidir com a imuniza\u00e7\u00e3o contra a Covid-19.\u00a0<span class=\"highlight highlighted\">O Minist\u00e9rio da Sa\u00fade n\u00e3o recomenda a aplica\u00e7\u00e3o das duas vacinas simultaneamente<\/span>, devido \u00e0 falta de estudos sobre a coadministra\u00e7\u00e3o dos imunizantes, e\u00a0<span class=\"highlight highlighted\">a orienta\u00e7\u00e3o \u00e9 priorizar a vacina\u00e7\u00e3o contra o novo coronav\u00edrus<\/span>.<\/p>\n<\/div>\n<\/div>\n","protected":false},"excerpt":{"rendered":"<p>A Campanha Nacional de Vacina\u00e7\u00e3o contra a Influenza, o v\u00edrus da gripe, come\u00e7a no dia 12 de abril e vai at\u00e9 9 de julho. O p\u00fablico-alvo \u00e9 estimado em 79,7 milh\u00f5es de brasileiros, e a meta do Minist\u00e9rio da Sa\u00fade \u00e9 vacinar pelo menos 90% dos grupos priorit\u00e1rios. Os grupos priorit\u00e1rios ser\u00e3o distribu\u00eddos em tr\u00eas [&hellip;]<\/p>\n","protected":false},"author":2,"featured_media":93891,"comment_status":"open","ping_status":"open","sticky":false,"template":"","format":"standard","meta":{"footnotes":"","_links_to":"","_links_to_target":""},"categories":[1],"tags":[],"class_list":["post-93889","post","type-post","status-publish","format-standard","has-post-thumbnail","hentry","category-geral"],"views":1068,"_links":{"self":[{"href":"https:\/\/www.sudoestehoje.com.br\/novoportal\/wp-json\/wp\/v2\/posts\/93889","targetHints":{"allow":["GET"]}}],"collection":[{"href":"https:\/\/www.sudoestehoje.com.br\/novoportal\/wp-json\/wp\/v2\/posts"}],"about":[{"href":"https:\/\/www.sudoestehoje.com.br\/novoportal\/wp-json\/wp\/v2\/types\/post"}],"author":[{"embeddable":true,"href":"https:\/\/www.sudoestehoje.com.br\/novoportal\/wp-json\/wp\/v2\/users\/2"}],"replies":[{"embeddable":true,"href":"https:\/\/www.sudoestehoje.com.br\/novoportal\/wp-json\/wp\/v2\/comments?post=93889"}],"version-history":[{"count":2,"href":"https:\/\/www.sudoestehoje.com.br\/novoportal\/wp-json\/wp\/v2\/posts\/93889\/revisions"}],"predecessor-version":[{"id":93892,"href":"https:\/\/www.sudoestehoje.com.br\/novoportal\/wp-json\/wp\/v2\/posts\/93889\/revisions\/93892"}],"wp:featuredmedia":[{"embeddable":true,"href":"https:\/\/www.sudoestehoje.com.br\/novoportal\/wp-json\/wp\/v2\/media\/93891"}],"wp:attachment":[{"href":"https:\/\/www.sudoestehoje.com.br\/novoportal\/wp-json\/wp\/v2\/media?parent=93889"}],"wp:term":[{"taxonomy":"category","embeddable":true,"href":"https:\/\/www.sudoestehoje.com.br\/novoportal\/wp-json\/wp\/v2\/categories?post=93889"},{"taxonomy":"post_tag","embeddable":true,"href":"https:\/\/www.sudoestehoje.com.br\/novoportal\/wp-json\/wp\/v2\/tags?post=93889"}],"curies":[{"name":"wp","href":"https:\/\/api.w.org\/{rel}","templated":true}]}}