
{"id":93883,"date":"2021-03-24T07:52:38","date_gmt":"2021-03-24T10:52:38","guid":{"rendered":"https:\/\/www.sudoestehoje.com.br\/novoportal\/?p=93883"},"modified":"2021-03-24T07:52:38","modified_gmt":"2021-03-24T10:52:38","slug":"morre-de-covid-o-ex-deputado-haroldo-lima","status":"publish","type":"post","link":"https:\/\/www.sudoestehoje.com.br\/novoportal\/2021\/03\/24\/morre-de-covid-o-ex-deputado-haroldo-lima\/","title":{"rendered":"MORRE DE COVID O EX-DEPUTADO HAROLDO LIMA"},"content":{"rendered":"<p><a href=\"https:\/\/www.sudoestehoje.com.br\/novoportal\/wp-content\/uploads\/2021\/03\/HAROLDO-LIMA-MORRE.jpg\"><img loading=\"lazy\" decoding=\"async\" class=\"size-medium wp-image-93885\" src=\"https:\/\/www.sudoestehoje.com.br\/novoportal\/wp-content\/uploads\/2021\/03\/HAROLDO-LIMA-MORRE-500x326.jpg\" alt=\"\" width=\"500\" height=\"326\" srcset=\"https:\/\/www.sudoestehoje.com.br\/novoportal\/wp-content\/uploads\/2021\/03\/HAROLDO-LIMA-MORRE-500x326.jpg 500w, https:\/\/www.sudoestehoje.com.br\/novoportal\/wp-content\/uploads\/2021\/03\/HAROLDO-LIMA-MORRE.jpg 690w\" sizes=\"auto, (max-width: 500px) 100vw, 500px\" \/><\/a><\/p>\n<p class=\"bodytext\">O ex-deputado federal pelo PCdoB da Bahia e ex-presidente da Ag\u00eancia Nacional de Petr\u00f3leo, Energia e Gast\u00e3o (ANP), Haroldo Lima, 81 anos, morreu v\u00edtima da covid-19, nesta quarta-feira (24). Ele estava internado tratando a doen\u00e7a e, na \u00faltima sexta-feira (19), foi intubado.<\/p>\n<p class=\"bodytext\">O presidente estadual do PCdoB, Davidson Magalh\u00e3es, emitiu uma nota confirmando a morte do ex-deputado. &#8220;Com muita dor, comunicamos o falecimento do hist\u00f3rico dirigente do PCdoB Haroldo Lima, mais uma v\u00edtima da Covid-19, na madrugada do dia 24\/03. Haroldo lutou bravamente por longos dias contra a doen\u00e7a, mas n\u00e3o resistiu \u00e0s complica\u00e7\u00f5es provocadas pelo novo coronav\u00edrus&#8221;, diz a nota.<\/p>\n","protected":false},"excerpt":{"rendered":"<p>O ex-deputado federal pelo PCdoB da Bahia e ex-presidente da Ag\u00eancia Nacional de Petr\u00f3leo, Energia e Gast\u00e3o (ANP), Haroldo Lima, 81 anos, morreu v\u00edtima da covid-19, nesta quarta-feira (24). Ele estava internado tratando a doen\u00e7a e, na \u00faltima sexta-feira (19), foi intubado. O presidente estadual do PCdoB, Davidson Magalh\u00e3es, emitiu uma nota confirmando a morte [&hellip;]<\/p>\n","protected":false},"author":2,"featured_media":93885,"comment_status":"open","ping_status":"open","sticky":false,"template":"","format":"standard","meta":{"footnotes":"","_links_to":"","_links_to_target":""},"categories":[1],"tags":[],"class_list":["post-93883","post","type-post","status-publish","format-standard","has-post-thumbnail","hentry","category-geral"],"views":862,"_links":{"self":[{"href":"https:\/\/www.sudoestehoje.com.br\/novoportal\/wp-json\/wp\/v2\/posts\/93883","targetHints":{"allow":["GET"]}}],"collection":[{"href":"https:\/\/www.sudoestehoje.com.br\/novoportal\/wp-json\/wp\/v2\/posts"}],"about":[{"href":"https:\/\/www.sudoestehoje.com.br\/novoportal\/wp-json\/wp\/v2\/types\/post"}],"author":[{"embeddable":true,"href":"https:\/\/www.sudoestehoje.com.br\/novoportal\/wp-json\/wp\/v2\/users\/2"}],"replies":[{"embeddable":true,"href":"https:\/\/www.sudoestehoje.com.br\/novoportal\/wp-json\/wp\/v2\/comments?post=93883"}],"version-history":[{"count":4,"href":"https:\/\/www.sudoestehoje.com.br\/novoportal\/wp-json\/wp\/v2\/posts\/93883\/revisions"}],"predecessor-version":[{"id":93888,"href":"https:\/\/www.sudoestehoje.com.br\/novoportal\/wp-json\/wp\/v2\/posts\/93883\/revisions\/93888"}],"wp:featuredmedia":[{"embeddable":true,"href":"https:\/\/www.sudoestehoje.com.br\/novoportal\/wp-json\/wp\/v2\/media\/93885"}],"wp:attachment":[{"href":"https:\/\/www.sudoestehoje.com.br\/novoportal\/wp-json\/wp\/v2\/media?parent=93883"}],"wp:term":[{"taxonomy":"category","embeddable":true,"href":"https:\/\/www.sudoestehoje.com.br\/novoportal\/wp-json\/wp\/v2\/categories?post=93883"},{"taxonomy":"post_tag","embeddable":true,"href":"https:\/\/www.sudoestehoje.com.br\/novoportal\/wp-json\/wp\/v2\/tags?post=93883"}],"curies":[{"name":"wp","href":"https:\/\/api.w.org\/{rel}","templated":true}]}}