
{"id":93862,"date":"2021-03-22T22:51:22","date_gmt":"2021-03-23T01:51:22","guid":{"rendered":"https:\/\/www.sudoestehoje.com.br\/novoportal\/?p=93862"},"modified":"2021-03-22T22:51:22","modified_gmt":"2021-03-23T01:51:22","slug":"transporte-intermunicipal-sera-suspenso-na-bahia-durante-semana-santa","status":"publish","type":"post","link":"https:\/\/www.sudoestehoje.com.br\/novoportal\/2021\/03\/22\/transporte-intermunicipal-sera-suspenso-na-bahia-durante-semana-santa\/","title":{"rendered":"TRANSPORTE INTERMUNICIPAL SER\u00c1 SUSPENSO NA BAHIA DURANTE SEMANA SANTA"},"content":{"rendered":"<p><a href=\"https:\/\/www.sudoestehoje.com.br\/novoportal\/wp-content\/uploads\/2021\/03\/RODOVIARIA2.jpg\"><img loading=\"lazy\" decoding=\"async\" class=\"aligncenter size-full wp-image-93864\" src=\"https:\/\/www.sudoestehoje.com.br\/novoportal\/wp-content\/uploads\/2021\/03\/RODOVIARIA2.jpg\" alt=\"\" width=\"500\" height=\"300\" \/><\/a><\/p>\n<p>O governador Rui Costa (PT) informou na manh\u00e3 desta segunda-feira (22) que determinar\u00e1 a suspens\u00e3o do transporte intermunicipal durante o feriado da Semana Santa, entre os dias 2 e 4\u00a0de abril. A medida visa reduzir a propaga\u00e7\u00e3o do novo coronav\u00edrus em meio \u00e0 pior fase da pandemia.<\/p>\n<p>Ele anunciou a decis\u00e3o em entrevista \u00e0 r\u00e1dio Eldorado FM, ap\u00f3s ser questionado se a Bahia ter\u00e1 novamente feriados antecipados, a exemplo do que ocorreu na primeira onda da\u00a0crise sanit\u00e1ria e vem sendo aplicado agora por outros estados.<\/p>\n<p>\u201cO que n\u00f3s j\u00e1 decidimos \u00e9 suspender o transporte intermunicipal no feriado da Semana Santa, pra evitar que todo o esfor\u00e7o que foi feito por centenas de prefeitos seja jogado fora. Porque nem todas as cidades est\u00e3o no mesmo n\u00edvel de contamina\u00e7\u00e3o. Algumas est\u00e3o com baix\u00edssimo n\u00edvel, outras est\u00e3o com o n\u00famero muito alto de reprodu\u00e7\u00e3o do v\u00edrus. Se n\u00f3s permitirmos essas viagens, n\u00f3s vamos contaminar aquelas cidades que hoje est\u00e3o com baixo n\u00famero de contamina\u00e7\u00e3o. Ent\u00e3o n\u00f3s vamos suspender o transporte municipal, mas n\u00e3o tomas nenhuma decis\u00e3o ainda sobre antecipa\u00e7\u00e3o de feriado\u201d, disse Rui Costa.<\/p>\n<p>\u201cSobre a antecipa\u00e7\u00e3o de feriados, n\u00f3s n\u00e3o tomamos uma decis\u00e3o ainda. N\u00f3s decidiremos ao longo dessa semana\u201d, acrescentou o governador.<\/p>\n","protected":false},"excerpt":{"rendered":"<p>O governador Rui Costa (PT) informou na manh\u00e3 desta segunda-feira (22) que determinar\u00e1 a suspens\u00e3o do transporte intermunicipal durante o feriado da Semana Santa, entre os dias 2 e 4\u00a0de abril. A medida visa reduzir a propaga\u00e7\u00e3o do novo coronav\u00edrus em meio \u00e0 pior fase da pandemia. Ele anunciou a decis\u00e3o em entrevista \u00e0 r\u00e1dio [&hellip;]<\/p>\n","protected":false},"author":2,"featured_media":93864,"comment_status":"open","ping_status":"open","sticky":false,"template":"","format":"standard","meta":{"footnotes":"","_links_to":"","_links_to_target":""},"categories":[1],"tags":[],"class_list":["post-93862","post","type-post","status-publish","format-standard","has-post-thumbnail","hentry","category-geral"],"views":1669,"_links":{"self":[{"href":"https:\/\/www.sudoestehoje.com.br\/novoportal\/wp-json\/wp\/v2\/posts\/93862","targetHints":{"allow":["GET"]}}],"collection":[{"href":"https:\/\/www.sudoestehoje.com.br\/novoportal\/wp-json\/wp\/v2\/posts"}],"about":[{"href":"https:\/\/www.sudoestehoje.com.br\/novoportal\/wp-json\/wp\/v2\/types\/post"}],"author":[{"embeddable":true,"href":"https:\/\/www.sudoestehoje.com.br\/novoportal\/wp-json\/wp\/v2\/users\/2"}],"replies":[{"embeddable":true,"href":"https:\/\/www.sudoestehoje.com.br\/novoportal\/wp-json\/wp\/v2\/comments?post=93862"}],"version-history":[{"count":2,"href":"https:\/\/www.sudoestehoje.com.br\/novoportal\/wp-json\/wp\/v2\/posts\/93862\/revisions"}],"predecessor-version":[{"id":93865,"href":"https:\/\/www.sudoestehoje.com.br\/novoportal\/wp-json\/wp\/v2\/posts\/93862\/revisions\/93865"}],"wp:featuredmedia":[{"embeddable":true,"href":"https:\/\/www.sudoestehoje.com.br\/novoportal\/wp-json\/wp\/v2\/media\/93864"}],"wp:attachment":[{"href":"https:\/\/www.sudoestehoje.com.br\/novoportal\/wp-json\/wp\/v2\/media?parent=93862"}],"wp:term":[{"taxonomy":"category","embeddable":true,"href":"https:\/\/www.sudoestehoje.com.br\/novoportal\/wp-json\/wp\/v2\/categories?post=93862"},{"taxonomy":"post_tag","embeddable":true,"href":"https:\/\/www.sudoestehoje.com.br\/novoportal\/wp-json\/wp\/v2\/tags?post=93862"}],"curies":[{"name":"wp","href":"https:\/\/api.w.org\/{rel}","templated":true}]}}