
{"id":93854,"date":"2021-03-22T22:15:00","date_gmt":"2021-03-23T01:15:00","guid":{"rendered":"https:\/\/www.sudoestehoje.com.br\/novoportal\/?p=93854"},"modified":"2021-03-22T22:26:24","modified_gmt":"2021-03-23T01:26:24","slug":"toque-de-recolher-as-18h-comeca-a-valer-na-bahia-a-partir-deste-segunda","status":"publish","type":"post","link":"https:\/\/www.sudoestehoje.com.br\/novoportal\/2021\/03\/22\/toque-de-recolher-as-18h-comeca-a-valer-na-bahia-a-partir-deste-segunda\/","title":{"rendered":"TOQUE DE RECOLHER \u00c0S 18h COME\u00c7OU A VALER NA BAHIA A PARTIR DESTA SEGUNDA"},"content":{"rendered":"<p><a href=\"https:\/\/www.sudoestehoje.com.br\/novoportal\/wp-content\/uploads\/2021\/03\/TOQUE-18h.jpg\"><img loading=\"lazy\" decoding=\"async\" class=\"aligncenter size-medium wp-image-93856\" src=\"https:\/\/www.sudoestehoje.com.br\/novoportal\/wp-content\/uploads\/2021\/03\/TOQUE-18h-500x334.jpg\" alt=\"\" width=\"500\" height=\"334\" srcset=\"https:\/\/www.sudoestehoje.com.br\/novoportal\/wp-content\/uploads\/2021\/03\/TOQUE-18h-500x334.jpg 500w, https:\/\/www.sudoestehoje.com.br\/novoportal\/wp-content\/uploads\/2021\/03\/TOQUE-18h-700x467.jpg 700w, https:\/\/www.sudoestehoje.com.br\/novoportal\/wp-content\/uploads\/2021\/03\/TOQUE-18h-768x512.jpg 768w, https:\/\/www.sudoestehoje.com.br\/novoportal\/wp-content\/uploads\/2021\/03\/TOQUE-18h.jpg 940w\" sizes=\"auto, (max-width: 500px) 100vw, 500px\" \/><\/a><\/p>\n<p class=\"bodytext\">A antecipa\u00e7\u00e3o do hor\u00e1rio do toque de recolher na Bahia, das 20h para as 18h, come\u00e7ou a valer nesta segunda-feira (22) em todo o estado, at\u00e9 o dia 1\u00ba de abril. Durante esse per\u00edodo, est\u00e1 proibida venda de produtos n\u00e3o essenciais, como eletrodom\u00e9sticos e vestu\u00e1rio, em hipermercados e atacadistas. S\u00f3 ser\u00e1 permitida a venda de itens de alimenta\u00e7\u00e3o e limpeza.<\/p>\n<p class=\"bodytext\">Dessa forma, assim como as bebidas alco\u00f3licas no fim de semana, a se\u00e7\u00e3o dever\u00e1 ter o acesso fechado ao p\u00fablico.<\/p>\n<p class=\"bodytext\">A retomada escalonada das atividades econ\u00f4micas fica condicionada \u00e0 manuten\u00e7\u00e3o, por cinco dias consecutivos, da taxa de ocupa\u00e7\u00e3o dos leitos de UTI em percentual igual ou abaixo de 80%.<\/p>\n<p class=\"bodytext\"><strong>Circula\u00e7\u00e3o restrita:<\/strong>\u00a0com exce\u00e7\u00e3o de deslocamento por motivos de sa\u00fade ou em situa\u00e7\u00f5es em que fique comprovada a urg\u00eancia, segue proibida a circula\u00e7\u00e3o de pessoas entre 18h e 5h, at\u00e9 o dia 1\u00ba de abril, em todos os munic\u00edpios baianos<\/p>\n<p class=\"bodytext\"><strong>Venda:<\/strong> supermercados, hipermercados e atacad\u00f5es poder\u00e3o comercializar apenas g\u00eaneros aliment\u00edcios e produtos de limpeza e higiene. A medida vale at\u00e9 as 5h do dia 29 para as cidades de Salvador, Candeias, Cama\u00e7ari, Dias D&#8217;\u00c1vila, Lauro de Freitas, S\u00e3o Francisco do Conde, S\u00e3o Sebasti\u00e3o do Pass\u00e9, Sim\u00f5es Filho, Itaparica, Vera Cruz, Madre de Deus, Pojuca e Mata de S\u00e3o Jo\u00e3o.<\/p>\n<p class=\"bodytext\"><strong>Bebidas:<\/strong> a restri\u00e7\u00e3o da venda de bebidas alco\u00f3licas seguir\u00e1 valendo, em todo o estado, a partir das 18h de 26 de mar\u00e7o \u00e0s 5h do dia 29.<\/p>\n<p class=\"bodytext\"><strong>Delivery:\u00a0<\/strong>os estabelecimentos comerciais que funcionam como bares e restaurantes poder\u00e3o operar apenas de portas fechadas, com entrega em domic\u00edlio, at\u00e9 as 24h. <strong><em>\/\/Correio<\/em><\/strong><\/p>\n","protected":false},"excerpt":{"rendered":"<p>A antecipa\u00e7\u00e3o do hor\u00e1rio do toque de recolher na Bahia, das 20h para as 18h, come\u00e7ou a valer nesta segunda-feira (22) em todo o estado, at\u00e9 o dia 1\u00ba de abril. Durante esse per\u00edodo, est\u00e1 proibida venda de produtos n\u00e3o essenciais, como eletrodom\u00e9sticos e vestu\u00e1rio, em hipermercados e atacadistas. S\u00f3 ser\u00e1 permitida a venda de [&hellip;]<\/p>\n","protected":false},"author":2,"featured_media":93856,"comment_status":"open","ping_status":"open","sticky":false,"template":"","format":"standard","meta":{"footnotes":"","_links_to":"","_links_to_target":""},"categories":[1],"tags":[],"class_list":["post-93854","post","type-post","status-publish","format-standard","has-post-thumbnail","hentry","category-geral"],"views":1642,"_links":{"self":[{"href":"https:\/\/www.sudoestehoje.com.br\/novoportal\/wp-json\/wp\/v2\/posts\/93854","targetHints":{"allow":["GET"]}}],"collection":[{"href":"https:\/\/www.sudoestehoje.com.br\/novoportal\/wp-json\/wp\/v2\/posts"}],"about":[{"href":"https:\/\/www.sudoestehoje.com.br\/novoportal\/wp-json\/wp\/v2\/types\/post"}],"author":[{"embeddable":true,"href":"https:\/\/www.sudoestehoje.com.br\/novoportal\/wp-json\/wp\/v2\/users\/2"}],"replies":[{"embeddable":true,"href":"https:\/\/www.sudoestehoje.com.br\/novoportal\/wp-json\/wp\/v2\/comments?post=93854"}],"version-history":[{"count":6,"href":"https:\/\/www.sudoestehoje.com.br\/novoportal\/wp-json\/wp\/v2\/posts\/93854\/revisions"}],"predecessor-version":[{"id":93861,"href":"https:\/\/www.sudoestehoje.com.br\/novoportal\/wp-json\/wp\/v2\/posts\/93854\/revisions\/93861"}],"wp:featuredmedia":[{"embeddable":true,"href":"https:\/\/www.sudoestehoje.com.br\/novoportal\/wp-json\/wp\/v2\/media\/93856"}],"wp:attachment":[{"href":"https:\/\/www.sudoestehoje.com.br\/novoportal\/wp-json\/wp\/v2\/media?parent=93854"}],"wp:term":[{"taxonomy":"category","embeddable":true,"href":"https:\/\/www.sudoestehoje.com.br\/novoportal\/wp-json\/wp\/v2\/categories?post=93854"},{"taxonomy":"post_tag","embeddable":true,"href":"https:\/\/www.sudoestehoje.com.br\/novoportal\/wp-json\/wp\/v2\/tags?post=93854"}],"curies":[{"name":"wp","href":"https:\/\/api.w.org\/{rel}","templated":true}]}}