
{"id":93839,"date":"2021-03-21T21:16:18","date_gmt":"2021-03-22T00:16:18","guid":{"rendered":"https:\/\/www.sudoestehoje.com.br\/novoportal\/?p=93839"},"modified":"2021-03-21T21:55:20","modified_gmt":"2021-03-22T00:55:20","slug":"covid-19-ex-deputado-federal-do-pcdob-haroldo-lima-esta-intubado-em-uti","status":"publish","type":"post","link":"https:\/\/www.sudoestehoje.com.br\/novoportal\/2021\/03\/21\/covid-19-ex-deputado-federal-do-pcdob-haroldo-lima-esta-intubado-em-uti\/","title":{"rendered":"COVID-19: EX-DEPUTADO FEDERAL DO PCdoB HAROLDO LIMA EST\u00c1 INTUBADO EM UTI"},"content":{"rendered":"<p><a href=\"https:\/\/www.sudoestehoje.com.br\/novoportal\/wp-content\/uploads\/2021\/03\/Haroldo-Lima-1000x530-1.jpg\"><img loading=\"lazy\" decoding=\"async\" class=\"aligncenter size-medium wp-image-93841\" src=\"https:\/\/www.sudoestehoje.com.br\/novoportal\/wp-content\/uploads\/2021\/03\/Haroldo-Lima-1000x530-1-500x265.jpg\" alt=\"\" width=\"500\" height=\"265\" srcset=\"https:\/\/www.sudoestehoje.com.br\/novoportal\/wp-content\/uploads\/2021\/03\/Haroldo-Lima-1000x530-1-500x265.jpg 500w, https:\/\/www.sudoestehoje.com.br\/novoportal\/wp-content\/uploads\/2021\/03\/Haroldo-Lima-1000x530-1-700x371.jpg 700w, https:\/\/www.sudoestehoje.com.br\/novoportal\/wp-content\/uploads\/2021\/03\/Haroldo-Lima-1000x530-1-768x407.jpg 768w, https:\/\/www.sudoestehoje.com.br\/novoportal\/wp-content\/uploads\/2021\/03\/Haroldo-Lima-1000x530-1.jpg 1000w\" sizes=\"auto, (max-width: 500px) 100vw, 500px\" \/><\/a><\/p>\n<p>O ex-deputado Haroldo Lima (PCdoB) est\u00e1 internado em Salvador, na Unidade de Terapia Intensiva (UTI) do Hospital Alian\u00e7a, com covid-19. Ele apresentou piora em seu quadro de sa\u00fade nos \u00faltimos dias e precisou ser intubado.<\/p>\n<p>\u201cNosso querido Haroldo Lima precisa de uma grande corrente de energias positivas. Este grande soldado da democracia est\u00e1 internado por complexidades da Covid-19. Aguenta firme, amigo!\u201d, postou em suas redes sociais, neste s\u00e1bado (20), a deputada federal Jandira Feghali (PCdoB-RJ).<\/p>\n<p>Militante contra a ditadura militar, Haroldo foi preso pol\u00edtico nos anos de chumbo, deputado constituinte em 1988 e deputado federal por 20 anos. Ele \u00e9 engenheiro e atuou diretor-geral da Ag\u00eancia Nacional do Petr\u00f3leo, G\u00e1s Natural e Biocombust\u00edveis (ANP) durante o governo Lula.<\/p>\n","protected":false},"excerpt":{"rendered":"<p>O ex-deputado Haroldo Lima (PCdoB) est\u00e1 internado em Salvador, na Unidade de Terapia Intensiva (UTI) do Hospital Alian\u00e7a, com covid-19. Ele apresentou piora em seu quadro de sa\u00fade nos \u00faltimos dias e precisou ser intubado. \u201cNosso querido Haroldo Lima precisa de uma grande corrente de energias positivas. Este grande soldado da democracia est\u00e1 internado por [&hellip;]<\/p>\n","protected":false},"author":2,"featured_media":93841,"comment_status":"open","ping_status":"open","sticky":false,"template":"","format":"standard","meta":{"footnotes":"","_links_to":"","_links_to_target":""},"categories":[1],"tags":[],"class_list":["post-93839","post","type-post","status-publish","format-standard","has-post-thumbnail","hentry","category-geral"],"views":954,"_links":{"self":[{"href":"https:\/\/www.sudoestehoje.com.br\/novoportal\/wp-json\/wp\/v2\/posts\/93839","targetHints":{"allow":["GET"]}}],"collection":[{"href":"https:\/\/www.sudoestehoje.com.br\/novoportal\/wp-json\/wp\/v2\/posts"}],"about":[{"href":"https:\/\/www.sudoestehoje.com.br\/novoportal\/wp-json\/wp\/v2\/types\/post"}],"author":[{"embeddable":true,"href":"https:\/\/www.sudoestehoje.com.br\/novoportal\/wp-json\/wp\/v2\/users\/2"}],"replies":[{"embeddable":true,"href":"https:\/\/www.sudoestehoje.com.br\/novoportal\/wp-json\/wp\/v2\/comments?post=93839"}],"version-history":[{"count":4,"href":"https:\/\/www.sudoestehoje.com.br\/novoportal\/wp-json\/wp\/v2\/posts\/93839\/revisions"}],"predecessor-version":[{"id":93844,"href":"https:\/\/www.sudoestehoje.com.br\/novoportal\/wp-json\/wp\/v2\/posts\/93839\/revisions\/93844"}],"wp:featuredmedia":[{"embeddable":true,"href":"https:\/\/www.sudoestehoje.com.br\/novoportal\/wp-json\/wp\/v2\/media\/93841"}],"wp:attachment":[{"href":"https:\/\/www.sudoestehoje.com.br\/novoportal\/wp-json\/wp\/v2\/media?parent=93839"}],"wp:term":[{"taxonomy":"category","embeddable":true,"href":"https:\/\/www.sudoestehoje.com.br\/novoportal\/wp-json\/wp\/v2\/categories?post=93839"},{"taxonomy":"post_tag","embeddable":true,"href":"https:\/\/www.sudoestehoje.com.br\/novoportal\/wp-json\/wp\/v2\/tags?post=93839"}],"curies":[{"name":"wp","href":"https:\/\/api.w.org\/{rel}","templated":true}]}}