
{"id":93835,"date":"2021-03-21T19:35:19","date_gmt":"2021-03-21T22:35:19","guid":{"rendered":"https:\/\/www.sudoestehoje.com.br\/novoportal\/?p=93835"},"modified":"2021-03-21T19:35:19","modified_gmt":"2021-03-21T22:35:19","slug":"boa-noticia-itapetinga-comeca-a-imunizar-idosos-acima-de-70-anos","status":"publish","type":"post","link":"https:\/\/www.sudoestehoje.com.br\/novoportal\/2021\/03\/21\/boa-noticia-itapetinga-comeca-a-imunizar-idosos-acima-de-70-anos\/","title":{"rendered":"BOA NOT\u00cdCIA! ITAPETINGA COME\u00c7A A IMUNIZAR IDOSOS ACIMA DE 70 ANOS"},"content":{"rendered":"<p><a href=\"https:\/\/www.sudoestehoje.com.br\/novoportal\/wp-content\/uploads\/2021\/03\/VACINA-70-ANOS.jpeg\"><img loading=\"lazy\" decoding=\"async\" class=\"aligncenter size-medium wp-image-93837\" src=\"https:\/\/www.sudoestehoje.com.br\/novoportal\/wp-content\/uploads\/2021\/03\/VACINA-70-ANOS-500x625.jpeg\" alt=\"\" width=\"500\" height=\"625\" srcset=\"https:\/\/www.sudoestehoje.com.br\/novoportal\/wp-content\/uploads\/2021\/03\/VACINA-70-ANOS-500x625.jpeg 500w, https:\/\/www.sudoestehoje.com.br\/novoportal\/wp-content\/uploads\/2021\/03\/VACINA-70-ANOS-700x875.jpeg 700w, https:\/\/www.sudoestehoje.com.br\/novoportal\/wp-content\/uploads\/2021\/03\/VACINA-70-ANOS-768x960.jpeg 768w, https:\/\/www.sudoestehoje.com.br\/novoportal\/wp-content\/uploads\/2021\/03\/VACINA-70-ANOS.jpeg 990w\" sizes=\"auto, (max-width: 500px) 100vw, 500px\" \/><\/a><\/p>\n<p>A partir desta segunda-feira, 22, Itapetinga avan\u00e7a mais uma fase na vacina\u00e7\u00e3o contra a covid-19. Ap\u00f3s recebimento de novo lote das vacinas Coronavac e Astrazeneca, neste domingo, agora, idosos acima de 70 anos poder\u00e3o ser imunizados.<\/p>\n<p>O munic\u00edpio recebeu ao todo, 2090 doses \u2013 1000 da Astrazeneca, 1090 da Coronavac. Elas ser\u00e3o divididas para a vacina\u00e7\u00e3o da primeira e segunda dose dos profissionais de sa\u00fade e para a primeira dose dos idosos acima de 70 anos.<\/p>\n<p>Procure o posto mais pr\u00f3ximo, seguindo o cronograma divulgado pelo munic\u00edpio. Previna-se!<\/p>\n","protected":false},"excerpt":{"rendered":"<p>A partir desta segunda-feira, 22, Itapetinga avan\u00e7a mais uma fase na vacina\u00e7\u00e3o contra a covid-19. Ap\u00f3s recebimento de novo lote das vacinas Coronavac e Astrazeneca, neste domingo, agora, idosos acima de 70 anos poder\u00e3o ser imunizados. O munic\u00edpio recebeu ao todo, 2090 doses \u2013 1000 da Astrazeneca, 1090 da Coronavac. Elas ser\u00e3o divididas para a [&hellip;]<\/p>\n","protected":false},"author":2,"featured_media":93837,"comment_status":"open","ping_status":"open","sticky":false,"template":"","format":"standard","meta":{"footnotes":"","_links_to":"","_links_to_target":""},"categories":[1],"tags":[],"class_list":["post-93835","post","type-post","status-publish","format-standard","has-post-thumbnail","hentry","category-geral"],"views":1037,"_links":{"self":[{"href":"https:\/\/www.sudoestehoje.com.br\/novoportal\/wp-json\/wp\/v2\/posts\/93835","targetHints":{"allow":["GET"]}}],"collection":[{"href":"https:\/\/www.sudoestehoje.com.br\/novoportal\/wp-json\/wp\/v2\/posts"}],"about":[{"href":"https:\/\/www.sudoestehoje.com.br\/novoportal\/wp-json\/wp\/v2\/types\/post"}],"author":[{"embeddable":true,"href":"https:\/\/www.sudoestehoje.com.br\/novoportal\/wp-json\/wp\/v2\/users\/2"}],"replies":[{"embeddable":true,"href":"https:\/\/www.sudoestehoje.com.br\/novoportal\/wp-json\/wp\/v2\/comments?post=93835"}],"version-history":[{"count":2,"href":"https:\/\/www.sudoestehoje.com.br\/novoportal\/wp-json\/wp\/v2\/posts\/93835\/revisions"}],"predecessor-version":[{"id":93838,"href":"https:\/\/www.sudoestehoje.com.br\/novoportal\/wp-json\/wp\/v2\/posts\/93835\/revisions\/93838"}],"wp:featuredmedia":[{"embeddable":true,"href":"https:\/\/www.sudoestehoje.com.br\/novoportal\/wp-json\/wp\/v2\/media\/93837"}],"wp:attachment":[{"href":"https:\/\/www.sudoestehoje.com.br\/novoportal\/wp-json\/wp\/v2\/media?parent=93835"}],"wp:term":[{"taxonomy":"category","embeddable":true,"href":"https:\/\/www.sudoestehoje.com.br\/novoportal\/wp-json\/wp\/v2\/categories?post=93835"},{"taxonomy":"post_tag","embeddable":true,"href":"https:\/\/www.sudoestehoje.com.br\/novoportal\/wp-json\/wp\/v2\/tags?post=93835"}],"curies":[{"name":"wp","href":"https:\/\/api.w.org\/{rel}","templated":true}]}}