
{"id":93828,"date":"2021-03-20T23:32:04","date_gmt":"2021-03-21T02:32:04","guid":{"rendered":"https:\/\/www.sudoestehoje.com.br\/novoportal\/?p=93828"},"modified":"2021-03-20T23:43:56","modified_gmt":"2021-03-21T02:43:56","slug":"itapetinga-deve-receber-20-leitos-para-tratamento-exclusivo-da-covid-19-visita-tecnica-ao-hcr-foi-realizada-neste-sabado","status":"publish","type":"post","link":"https:\/\/www.sudoestehoje.com.br\/novoportal\/2021\/03\/20\/itapetinga-deve-receber-20-leitos-para-tratamento-exclusivo-da-covid-19-visita-tecnica-ao-hcr-foi-realizada-neste-sabado\/","title":{"rendered":"ITAPETINGA DEVE RECEBER 20 LEITOS PARA TRATAMENTO EXCLUSIVO DA COVID-19; VISITA T\u00c9CNICA FOI REALIZADA NESTE S\u00c1BADO"},"content":{"rendered":"<p><a href=\"https:\/\/www.sudoestehoje.com.br\/novoportal\/wp-content\/uploads\/2021\/03\/VISITA-TECNICA-AO-HCR.jpeg\"><img loading=\"lazy\" decoding=\"async\" class=\"aligncenter size-medium wp-image-93831\" src=\"https:\/\/www.sudoestehoje.com.br\/novoportal\/wp-content\/uploads\/2021\/03\/VISITA-TECNICA-AO-HCR-500x375.jpeg\" alt=\"\" width=\"500\" height=\"375\" srcset=\"https:\/\/www.sudoestehoje.com.br\/novoportal\/wp-content\/uploads\/2021\/03\/VISITA-TECNICA-AO-HCR-500x375.jpeg 500w, https:\/\/www.sudoestehoje.com.br\/novoportal\/wp-content\/uploads\/2021\/03\/VISITA-TECNICA-AO-HCR-700x525.jpeg 700w, https:\/\/www.sudoestehoje.com.br\/novoportal\/wp-content\/uploads\/2021\/03\/VISITA-TECNICA-AO-HCR-768x576.jpeg 768w, https:\/\/www.sudoestehoje.com.br\/novoportal\/wp-content\/uploads\/2021\/03\/VISITA-TECNICA-AO-HCR.jpeg 1280w\" sizes=\"auto, (max-width: 500px) 100vw, 500px\" \/><\/a><\/p>\n<p>Nesta tarde desta s\u00e1bado (20) o secret\u00e1rio municipal de Sa\u00fade, <strong>Hugo Souza,<\/strong> recebeu a coordenadora do N\u00facleo Regional de Sa\u00fade, <strong>Carol Rebou\u00e7as<\/strong>, juntamente com m\u00e9dico intensivista e diretor do Hospital Cristo Redentor, <strong>Dr. Emmanoel Souza Santos<\/strong>, realizaram\u00a0 uma visita t\u00e9cnica no Posto de Sa\u00fade do 12 de Dezembro, para instala\u00e7\u00e3o de 10 leitos de UTI e 10 leitos cl\u00ednicos, para tratamento do covid-19 em Itapetinga.<\/p>\n<p>A instala\u00e7\u00e3o dos novos leitos de UTI &#8211; Covid em Itapetinga, \u00e9 uma demanda urgente da popula\u00e7\u00e3o de Itapetinga e vem sendo reivindicada pelo prefeito Rodrigo Hagge, junto \u00e0 Sesab.<\/p>\n<p>O vereador Neto Ferraz (PSC), que tem buscado viabilizar junto ao prefeito municipal e ao secret\u00e1rio de sa\u00fade a instala\u00e7\u00e3o dos leitos de UTI, em car\u00e1ter de urg\u00eancia, acompanhou a visita t\u00e9cnica ao lado do Dr. Emmanuel e do secret\u00e1rio Hugo Souza, e ressaltou a sua necessidade, <em>&#8220;pois a popula\u00e7\u00e3o esta carente de atendimento especializado em virtude da pandemia, que vem se agravando&#8221;.<\/em><\/p>\n<p>Na oportunidade, o m\u00e9dico intensivista Dr. Emmanoel Souza Santos enfatizou que este projeto \u00e9 da mais alta import\u00e2ncia para Itapetinga e toda a regi\u00e3o.<\/p>\n<p><strong><em>Por Davi Ferraz<\/em><\/strong><\/p>\n","protected":false},"excerpt":{"rendered":"<p>Nesta tarde desta s\u00e1bado (20) o secret\u00e1rio municipal de Sa\u00fade, Hugo Souza, recebeu a coordenadora do N\u00facleo Regional de Sa\u00fade, Carol Rebou\u00e7as, juntamente com m\u00e9dico intensivista e diretor do Hospital Cristo Redentor, Dr. Emmanoel Souza Santos, realizaram\u00a0 uma visita t\u00e9cnica no Posto de Sa\u00fade do 12 de Dezembro, para instala\u00e7\u00e3o de 10 leitos de UTI [&hellip;]<\/p>\n","protected":false},"author":2,"featured_media":93831,"comment_status":"open","ping_status":"open","sticky":false,"template":"","format":"standard","meta":{"footnotes":"","_links_to":"","_links_to_target":""},"categories":[1],"tags":[],"class_list":["post-93828","post","type-post","status-publish","format-standard","has-post-thumbnail","hentry","category-geral"],"views":1357,"_links":{"self":[{"href":"https:\/\/www.sudoestehoje.com.br\/novoportal\/wp-json\/wp\/v2\/posts\/93828","targetHints":{"allow":["GET"]}}],"collection":[{"href":"https:\/\/www.sudoestehoje.com.br\/novoportal\/wp-json\/wp\/v2\/posts"}],"about":[{"href":"https:\/\/www.sudoestehoje.com.br\/novoportal\/wp-json\/wp\/v2\/types\/post"}],"author":[{"embeddable":true,"href":"https:\/\/www.sudoestehoje.com.br\/novoportal\/wp-json\/wp\/v2\/users\/2"}],"replies":[{"embeddable":true,"href":"https:\/\/www.sudoestehoje.com.br\/novoportal\/wp-json\/wp\/v2\/comments?post=93828"}],"version-history":[{"count":5,"href":"https:\/\/www.sudoestehoje.com.br\/novoportal\/wp-json\/wp\/v2\/posts\/93828\/revisions"}],"predecessor-version":[{"id":93834,"href":"https:\/\/www.sudoestehoje.com.br\/novoportal\/wp-json\/wp\/v2\/posts\/93828\/revisions\/93834"}],"wp:featuredmedia":[{"embeddable":true,"href":"https:\/\/www.sudoestehoje.com.br\/novoportal\/wp-json\/wp\/v2\/media\/93831"}],"wp:attachment":[{"href":"https:\/\/www.sudoestehoje.com.br\/novoportal\/wp-json\/wp\/v2\/media?parent=93828"}],"wp:term":[{"taxonomy":"category","embeddable":true,"href":"https:\/\/www.sudoestehoje.com.br\/novoportal\/wp-json\/wp\/v2\/categories?post=93828"},{"taxonomy":"post_tag","embeddable":true,"href":"https:\/\/www.sudoestehoje.com.br\/novoportal\/wp-json\/wp\/v2\/tags?post=93828"}],"curies":[{"name":"wp","href":"https:\/\/api.w.org\/{rel}","templated":true}]}}