
{"id":93812,"date":"2021-03-20T20:14:08","date_gmt":"2021-03-20T23:14:08","guid":{"rendered":"https:\/\/www.sudoestehoje.com.br\/novoportal\/?p=93812"},"modified":"2021-03-20T20:14:08","modified_gmt":"2021-03-20T23:14:08","slug":"corpo-do-prefeito-herzem-gusmao-e-velado-em-conquista-sob-forte-comocao","status":"publish","type":"post","link":"https:\/\/www.sudoestehoje.com.br\/novoportal\/2021\/03\/20\/corpo-do-prefeito-herzem-gusmao-e-velado-em-conquista-sob-forte-comocao\/","title":{"rendered":"CORPO DO PREFEITO HERZEM GUSM\u00c3O \u00c9 VELADO EM CONQUISTA SOB FORTE COMO\u00c7\u00c3O"},"content":{"rendered":"<p><a href=\"https:\/\/www.sudoestehoje.com.br\/novoportal\/wp-content\/uploads\/2021\/03\/VELORIO-HERZEM.jpg\"><img loading=\"lazy\" decoding=\"async\" class=\"aligncenter size-medium wp-image-93813\" src=\"https:\/\/www.sudoestehoje.com.br\/novoportal\/wp-content\/uploads\/2021\/03\/VELORIO-HERZEM-500x334.jpg\" alt=\"\" width=\"500\" height=\"334\" srcset=\"https:\/\/www.sudoestehoje.com.br\/novoportal\/wp-content\/uploads\/2021\/03\/VELORIO-HERZEM-500x334.jpg 500w, https:\/\/www.sudoestehoje.com.br\/novoportal\/wp-content\/uploads\/2021\/03\/VELORIO-HERZEM.jpg 640w\" sizes=\"auto, (max-width: 500px) 100vw, 500px\" \/><\/a><\/p>\n<p>Eram 18h44min do s\u00e1bado (20) quando o corpo de Herzem Gusm\u00e3o Pereira checou ao Mediterr\u00e2neo Casa de Eventos para a Cerim\u00f4nia F\u00fanebre. O avi\u00e3o que trouxe o radialista, ex-deputado estadual que teve um mandato de quatro anos como prefeito de Vitoria da Conquista, aterrissou no Aeroporto Glauber Rocha no final da tarde, ap\u00f3s uma viagem que teve um atraso de mais de seis horas.<\/p>\n<p>Antes do discurso, o m\u00e9dico Danilo Freire Gusm\u00e3o, um dos tr\u00eas filhos de Herzem Gusm\u00e3o, encobriu o caix\u00e3o com a Bandeira Oficial de Vit\u00f3ria da Conquista e depois colocou uma coroa de flores sob muita emo\u00e7\u00e3o.<\/p>\n<p>Al\u00e9m da prefeita Ana Sheila Lemos Andrade, o ex-prefeito de Salvador ACM Neto e o deputado estadual Tiago Correia tamb\u00e9m foram levar suas solidariedades. Outros pol\u00edticos, como o prefeito de Barra do Cho\u00e7a, de Itapetinga, Conde\u00faba participaram o evento. Do Mediterr\u00e2neo Casa de Eventos, mais uma vez o Caminh\u00e3o de Brigada do Aeroporto Glauber Rocha seguiu fez o \u00faltimo percurso at\u00e9 o Cemit\u00e9rio da Saudade. \/\/<em>Blog do Anderson<\/em><\/p>\n","protected":false},"excerpt":{"rendered":"<p>Eram 18h44min do s\u00e1bado (20) quando o corpo de Herzem Gusm\u00e3o Pereira checou ao Mediterr\u00e2neo Casa de Eventos para a Cerim\u00f4nia F\u00fanebre. O avi\u00e3o que trouxe o radialista, ex-deputado estadual que teve um mandato de quatro anos como prefeito de Vitoria da Conquista, aterrissou no Aeroporto Glauber Rocha no final da tarde, ap\u00f3s uma viagem [&hellip;]<\/p>\n","protected":false},"author":2,"featured_media":93813,"comment_status":"open","ping_status":"open","sticky":false,"template":"","format":"standard","meta":{"footnotes":"","_links_to":"","_links_to_target":""},"categories":[1],"tags":[],"class_list":["post-93812","post","type-post","status-publish","format-standard","has-post-thumbnail","hentry","category-geral"],"views":1477,"_links":{"self":[{"href":"https:\/\/www.sudoestehoje.com.br\/novoportal\/wp-json\/wp\/v2\/posts\/93812","targetHints":{"allow":["GET"]}}],"collection":[{"href":"https:\/\/www.sudoestehoje.com.br\/novoportal\/wp-json\/wp\/v2\/posts"}],"about":[{"href":"https:\/\/www.sudoestehoje.com.br\/novoportal\/wp-json\/wp\/v2\/types\/post"}],"author":[{"embeddable":true,"href":"https:\/\/www.sudoestehoje.com.br\/novoportal\/wp-json\/wp\/v2\/users\/2"}],"replies":[{"embeddable":true,"href":"https:\/\/www.sudoestehoje.com.br\/novoportal\/wp-json\/wp\/v2\/comments?post=93812"}],"version-history":[{"count":1,"href":"https:\/\/www.sudoestehoje.com.br\/novoportal\/wp-json\/wp\/v2\/posts\/93812\/revisions"}],"predecessor-version":[{"id":93814,"href":"https:\/\/www.sudoestehoje.com.br\/novoportal\/wp-json\/wp\/v2\/posts\/93812\/revisions\/93814"}],"wp:featuredmedia":[{"embeddable":true,"href":"https:\/\/www.sudoestehoje.com.br\/novoportal\/wp-json\/wp\/v2\/media\/93813"}],"wp:attachment":[{"href":"https:\/\/www.sudoestehoje.com.br\/novoportal\/wp-json\/wp\/v2\/media?parent=93812"}],"wp:term":[{"taxonomy":"category","embeddable":true,"href":"https:\/\/www.sudoestehoje.com.br\/novoportal\/wp-json\/wp\/v2\/categories?post=93812"},{"taxonomy":"post_tag","embeddable":true,"href":"https:\/\/www.sudoestehoje.com.br\/novoportal\/wp-json\/wp\/v2\/tags?post=93812"}],"curies":[{"name":"wp","href":"https:\/\/api.w.org\/{rel}","templated":true}]}}