
{"id":93807,"date":"2021-03-20T13:20:40","date_gmt":"2021-03-20T16:20:40","guid":{"rendered":"https:\/\/www.sudoestehoje.com.br\/novoportal\/?p=93807"},"modified":"2021-03-20T13:20:40","modified_gmt":"2021-03-20T16:20:40","slug":"governo-antecipa-toque-de-recolher-em-toda-bahia-a-partir-da-proxima-segunda","status":"publish","type":"post","link":"https:\/\/www.sudoestehoje.com.br\/novoportal\/2021\/03\/20\/governo-antecipa-toque-de-recolher-em-toda-bahia-a-partir-da-proxima-segunda\/","title":{"rendered":"GOVERNO ANTECIPA TOQUE DE RECOLHER EM TODA BAHIA A PARTIR DA PR\u00d3XIMA SEGUNDA"},"content":{"rendered":"<p><a href=\"https:\/\/www.sudoestehoje.com.br\/novoportal\/wp-content\/uploads\/2021\/03\/ruas.jpeg\"><img loading=\"lazy\" decoding=\"async\" class=\"aligncenter size-medium wp-image-93809\" src=\"https:\/\/www.sudoestehoje.com.br\/novoportal\/wp-content\/uploads\/2021\/03\/ruas-500x257.jpeg\" alt=\"\" width=\"500\" height=\"257\" srcset=\"https:\/\/www.sudoestehoje.com.br\/novoportal\/wp-content\/uploads\/2021\/03\/ruas-500x257.jpeg 500w, https:\/\/www.sudoestehoje.com.br\/novoportal\/wp-content\/uploads\/2021\/03\/ruas-700x360.jpeg 700w, https:\/\/www.sudoestehoje.com.br\/novoportal\/wp-content\/uploads\/2021\/03\/ruas-768x395.jpeg 768w, https:\/\/www.sudoestehoje.com.br\/novoportal\/wp-content\/uploads\/2021\/03\/ruas.jpeg 1280w\" sizes=\"auto, (max-width: 500px) 100vw, 500px\" \/><\/a><\/p>\n<p class=\"bodytext\">Em decis\u00e3o conjunta com os munic\u00edpios, o Governo do Estado decidiu antecipar o hor\u00e1rio do Toque de Recolher em toda a Bahia a partir da pr\u00f3xima segunda (22). A decis\u00e3o vai at\u00e9 o dia 1\u00ba de abril. Durante esse per\u00edodo, est\u00e1 proibida a venda de produtos n\u00e3o essenciais, como eletrodom\u00e9sticos e vestu\u00e1rio, em hipermercados e atacadistas.<\/p>\n<p class=\"bodytext\">S\u00f3 ser\u00e1 permitida a venda de itens de alimenta\u00e7\u00e3o e limpeza. Dessa forma, assim como as bebidas alco\u00f3licas no fim de semana, a se\u00e7\u00e3o dever\u00e1 ter o acesso fechado ao p\u00fablico. De acordo com o governador Rui Costa, as medidas do toque de recolher e dos itens essenciais valem para todo o estado.<\/p>\n<p>Informa\u00e7\u00f5es preliminares davam conta de que a antecipa\u00e7\u00e3o teria in\u00edcio neste s\u00e1bado, mas o decreto do governo estabeleceu o in\u00edcio para o dia 22, segunda-feira. <strong><em>\/\/Informa\u00e7\u00f5es Jornal Correio<\/em><\/strong><\/p>\n","protected":false},"excerpt":{"rendered":"<p>Em decis\u00e3o conjunta com os munic\u00edpios, o Governo do Estado decidiu antecipar o hor\u00e1rio do Toque de Recolher em toda a Bahia a partir da pr\u00f3xima segunda (22). A decis\u00e3o vai at\u00e9 o dia 1\u00ba de abril. Durante esse per\u00edodo, est\u00e1 proibida a venda de produtos n\u00e3o essenciais, como eletrodom\u00e9sticos e vestu\u00e1rio, em hipermercados e [&hellip;]<\/p>\n","protected":false},"author":2,"featured_media":93809,"comment_status":"open","ping_status":"open","sticky":false,"template":"","format":"standard","meta":{"footnotes":"","_links_to":"","_links_to_target":""},"categories":[1],"tags":[],"class_list":["post-93807","post","type-post","status-publish","format-standard","has-post-thumbnail","hentry","category-geral"],"views":1351,"_links":{"self":[{"href":"https:\/\/www.sudoestehoje.com.br\/novoportal\/wp-json\/wp\/v2\/posts\/93807","targetHints":{"allow":["GET"]}}],"collection":[{"href":"https:\/\/www.sudoestehoje.com.br\/novoportal\/wp-json\/wp\/v2\/posts"}],"about":[{"href":"https:\/\/www.sudoestehoje.com.br\/novoportal\/wp-json\/wp\/v2\/types\/post"}],"author":[{"embeddable":true,"href":"https:\/\/www.sudoestehoje.com.br\/novoportal\/wp-json\/wp\/v2\/users\/2"}],"replies":[{"embeddable":true,"href":"https:\/\/www.sudoestehoje.com.br\/novoportal\/wp-json\/wp\/v2\/comments?post=93807"}],"version-history":[{"count":2,"href":"https:\/\/www.sudoestehoje.com.br\/novoportal\/wp-json\/wp\/v2\/posts\/93807\/revisions"}],"predecessor-version":[{"id":93810,"href":"https:\/\/www.sudoestehoje.com.br\/novoportal\/wp-json\/wp\/v2\/posts\/93807\/revisions\/93810"}],"wp:featuredmedia":[{"embeddable":true,"href":"https:\/\/www.sudoestehoje.com.br\/novoportal\/wp-json\/wp\/v2\/media\/93809"}],"wp:attachment":[{"href":"https:\/\/www.sudoestehoje.com.br\/novoportal\/wp-json\/wp\/v2\/media?parent=93807"}],"wp:term":[{"taxonomy":"category","embeddable":true,"href":"https:\/\/www.sudoestehoje.com.br\/novoportal\/wp-json\/wp\/v2\/categories?post=93807"},{"taxonomy":"post_tag","embeddable":true,"href":"https:\/\/www.sudoestehoje.com.br\/novoportal\/wp-json\/wp\/v2\/tags?post=93807"}],"curies":[{"name":"wp","href":"https:\/\/api.w.org\/{rel}","templated":true}]}}