
{"id":93796,"date":"2021-03-19T22:32:47","date_gmt":"2021-03-20T01:32:47","guid":{"rendered":"https:\/\/www.sudoestehoje.com.br\/novoportal\/?p=93796"},"modified":"2021-03-19T22:32:47","modified_gmt":"2021-03-20T01:32:47","slug":"transporte-intermunicipal-sera-suspenso-na-semana-santa-anuncia-governador","status":"publish","type":"post","link":"https:\/\/www.sudoestehoje.com.br\/novoportal\/2021\/03\/19\/transporte-intermunicipal-sera-suspenso-na-semana-santa-anuncia-governador\/","title":{"rendered":"TRANSPORTE INTERMUNICIPAL SER\u00c1 SUSPENSO NA SEMANA SANTA, ANUNCIA GOVERNADOR"},"content":{"rendered":"<p><a href=\"https:\/\/www.sudoestehoje.com.br\/novoportal\/wp-content\/uploads\/2021\/03\/RODOVI\u00c1RIA-SALVADOR.jpg\"><img loading=\"lazy\" decoding=\"async\" class=\"aligncenter size-medium wp-image-93799\" src=\"https:\/\/www.sudoestehoje.com.br\/novoportal\/wp-content\/uploads\/2021\/03\/RODOVI\u00c1RIA-SALVADOR-500x263.jpg\" alt=\"\" width=\"500\" height=\"263\" srcset=\"https:\/\/www.sudoestehoje.com.br\/novoportal\/wp-content\/uploads\/2021\/03\/RODOVI\u00c1RIA-SALVADOR-500x263.jpg 500w, https:\/\/www.sudoestehoje.com.br\/novoportal\/wp-content\/uploads\/2021\/03\/RODOVI\u00c1RIA-SALVADOR-700x368.jpg 700w, https:\/\/www.sudoestehoje.com.br\/novoportal\/wp-content\/uploads\/2021\/03\/RODOVI\u00c1RIA-SALVADOR-768x403.jpg 768w, https:\/\/www.sudoestehoje.com.br\/novoportal\/wp-content\/uploads\/2021\/03\/RODOVI\u00c1RIA-SALVADOR.jpg 1000w\" sizes=\"auto, (max-width: 500px) 100vw, 500px\" \/><\/a><\/p>\n<p>Em reuni\u00e3o com o prefeito de Salvador, Bruno Reis (DEM), e demais gestores da Regi\u00e3o Metropolitana da capital, o governador da Bahia, Rui Costa (PT), indicou a possibilidade de suspender o transporte intermunicipal no per\u00edodo do feriado da Semana Santa.<\/p>\n<p>Segundo comunicado enviado pelo governo do estado \u00e0 imprensa, \u201ca ideia \u00e9 evitar o fluxo de pessoas circulando no interior do estado, al\u00e9m de conter poss\u00edveis aglomera\u00e7\u00f5es.\u201d<\/p>\n<p>A medida alcan\u00e7aria os \u00f4nibus intermunicipais, o sistema ferry boat e as lanchinhas.<\/p>\n<p>Um decreto deve ser publicado no Di\u00e1rio Oficial do Estado (DOE) at\u00e9 o fim da pr\u00f3xima semana contendo mais detalhes acerca da medida.<\/p>\n<p>Al\u00e9m disto, Rui apresentou a proposta de antecipa\u00e7\u00e3o de at\u00e9 quatro feriados, logo ap\u00f3s o per\u00edodo de P\u00e1scoa.<\/p>\n","protected":false},"excerpt":{"rendered":"<p>Em reuni\u00e3o com o prefeito de Salvador, Bruno Reis (DEM), e demais gestores da Regi\u00e3o Metropolitana da capital, o governador da Bahia, Rui Costa (PT), indicou a possibilidade de suspender o transporte intermunicipal no per\u00edodo do feriado da Semana Santa. Segundo comunicado enviado pelo governo do estado \u00e0 imprensa, \u201ca ideia \u00e9 evitar o fluxo [&hellip;]<\/p>\n","protected":false},"author":2,"featured_media":93799,"comment_status":"open","ping_status":"open","sticky":false,"template":"","format":"standard","meta":{"footnotes":"","_links_to":"","_links_to_target":""},"categories":[1],"tags":[],"class_list":["post-93796","post","type-post","status-publish","format-standard","has-post-thumbnail","hentry","category-geral"],"views":1126,"_links":{"self":[{"href":"https:\/\/www.sudoestehoje.com.br\/novoportal\/wp-json\/wp\/v2\/posts\/93796","targetHints":{"allow":["GET"]}}],"collection":[{"href":"https:\/\/www.sudoestehoje.com.br\/novoportal\/wp-json\/wp\/v2\/posts"}],"about":[{"href":"https:\/\/www.sudoestehoje.com.br\/novoportal\/wp-json\/wp\/v2\/types\/post"}],"author":[{"embeddable":true,"href":"https:\/\/www.sudoestehoje.com.br\/novoportal\/wp-json\/wp\/v2\/users\/2"}],"replies":[{"embeddable":true,"href":"https:\/\/www.sudoestehoje.com.br\/novoportal\/wp-json\/wp\/v2\/comments?post=93796"}],"version-history":[{"count":3,"href":"https:\/\/www.sudoestehoje.com.br\/novoportal\/wp-json\/wp\/v2\/posts\/93796\/revisions"}],"predecessor-version":[{"id":93800,"href":"https:\/\/www.sudoestehoje.com.br\/novoportal\/wp-json\/wp\/v2\/posts\/93796\/revisions\/93800"}],"wp:featuredmedia":[{"embeddable":true,"href":"https:\/\/www.sudoestehoje.com.br\/novoportal\/wp-json\/wp\/v2\/media\/93799"}],"wp:attachment":[{"href":"https:\/\/www.sudoestehoje.com.br\/novoportal\/wp-json\/wp\/v2\/media?parent=93796"}],"wp:term":[{"taxonomy":"category","embeddable":true,"href":"https:\/\/www.sudoestehoje.com.br\/novoportal\/wp-json\/wp\/v2\/categories?post=93796"},{"taxonomy":"post_tag","embeddable":true,"href":"https:\/\/www.sudoestehoje.com.br\/novoportal\/wp-json\/wp\/v2\/tags?post=93796"}],"curies":[{"name":"wp","href":"https:\/\/api.w.org\/{rel}","templated":true}]}}