
{"id":93782,"date":"2021-03-19T12:51:30","date_gmt":"2021-03-19T15:51:30","guid":{"rendered":"https:\/\/www.sudoestehoje.com.br\/novoportal\/?p=93782"},"modified":"2021-03-19T12:51:30","modified_gmt":"2021-03-19T15:51:30","slug":"pastora-evangelica-de-itapetinga-morre-de-covid-19-em-hospital-de-jequie","status":"publish","type":"post","link":"https:\/\/www.sudoestehoje.com.br\/novoportal\/2021\/03\/19\/pastora-evangelica-de-itapetinga-morre-de-covid-19-em-hospital-de-jequie\/","title":{"rendered":"PASTORA EVANG\u00c9LICA DE ITAPETINGA MORRE DE COVID-19 EM HOSPITAL DE JEQUI\u00c9"},"content":{"rendered":"<p><a href=\"https:\/\/www.sudoestehoje.com.br\/novoportal\/wp-content\/uploads\/2021\/03\/pastora-marinalva.jpeg\"><img loading=\"lazy\" decoding=\"async\" class=\"aligncenter  wp-image-93783\" src=\"https:\/\/www.sudoestehoje.com.br\/novoportal\/wp-content\/uploads\/2021\/03\/pastora-marinalva.jpeg\" alt=\"\" width=\"500\" height=\"480\" \/><\/a><\/p>\n<p>Faleceu, na manha desta sexta-feira (19), na cidade de Jequi\u00e9, a pastora evang\u00e9lica Marinalva Silva Santos, moradora do bairro Vila Isabel, em Itapetinga.<\/p>\n<p>A pastora Marinalva sentiu os sintomas da Covid-19 no decorrer da semana, sendo atendida no Hospital Cristo Redentor e posteriormente encaminhada para uma UTI em Jequi\u00e9, onde n\u00e3o resistiu e veio a falecer.<\/p>\n<p>A l\u00edder evang\u00e9lica tinha 62 anos e era pessoa muito querida na comunidade da Vila Isabel, onde prestava servi\u00e7os sociais e religiosos.<\/p>\n<p>Amigos e familiares aguardam o traslado do corpo para Itapetinga, onde ser\u00e1 sepultado respeitando os protocolos.<\/p>\n<p><strong><em>Por Davi Ferraz<\/em><\/strong><\/p>\n","protected":false},"excerpt":{"rendered":"<p>Faleceu, na manha desta sexta-feira (19), na cidade de Jequi\u00e9, a pastora evang\u00e9lica Marinalva Silva Santos, moradora do bairro Vila Isabel, em Itapetinga. A pastora Marinalva sentiu os sintomas da Covid-19 no decorrer da semana, sendo atendida no Hospital Cristo Redentor e posteriormente encaminhada para uma UTI em Jequi\u00e9, onde n\u00e3o resistiu e veio a [&hellip;]<\/p>\n","protected":false},"author":2,"featured_media":93783,"comment_status":"open","ping_status":"open","sticky":false,"template":"","format":"standard","meta":{"footnotes":"","_links_to":"","_links_to_target":""},"categories":[1],"tags":[],"class_list":["post-93782","post","type-post","status-publish","format-standard","has-post-thumbnail","hentry","category-geral"],"views":1938,"_links":{"self":[{"href":"https:\/\/www.sudoestehoje.com.br\/novoportal\/wp-json\/wp\/v2\/posts\/93782","targetHints":{"allow":["GET"]}}],"collection":[{"href":"https:\/\/www.sudoestehoje.com.br\/novoportal\/wp-json\/wp\/v2\/posts"}],"about":[{"href":"https:\/\/www.sudoestehoje.com.br\/novoportal\/wp-json\/wp\/v2\/types\/post"}],"author":[{"embeddable":true,"href":"https:\/\/www.sudoestehoje.com.br\/novoportal\/wp-json\/wp\/v2\/users\/2"}],"replies":[{"embeddable":true,"href":"https:\/\/www.sudoestehoje.com.br\/novoportal\/wp-json\/wp\/v2\/comments?post=93782"}],"version-history":[{"count":1,"href":"https:\/\/www.sudoestehoje.com.br\/novoportal\/wp-json\/wp\/v2\/posts\/93782\/revisions"}],"predecessor-version":[{"id":93784,"href":"https:\/\/www.sudoestehoje.com.br\/novoportal\/wp-json\/wp\/v2\/posts\/93782\/revisions\/93784"}],"wp:featuredmedia":[{"embeddable":true,"href":"https:\/\/www.sudoestehoje.com.br\/novoportal\/wp-json\/wp\/v2\/media\/93783"}],"wp:attachment":[{"href":"https:\/\/www.sudoestehoje.com.br\/novoportal\/wp-json\/wp\/v2\/media?parent=93782"}],"wp:term":[{"taxonomy":"category","embeddable":true,"href":"https:\/\/www.sudoestehoje.com.br\/novoportal\/wp-json\/wp\/v2\/categories?post=93782"},{"taxonomy":"post_tag","embeddable":true,"href":"https:\/\/www.sudoestehoje.com.br\/novoportal\/wp-json\/wp\/v2\/tags?post=93782"}],"curies":[{"name":"wp","href":"https:\/\/api.w.org\/{rel}","templated":true}]}}