
{"id":93776,"date":"2021-03-18T23:07:59","date_gmt":"2021-03-19T02:07:59","guid":{"rendered":"https:\/\/www.sudoestehoje.com.br\/novoportal\/?p=93776"},"modified":"2021-03-18T23:07:59","modified_gmt":"2021-03-19T02:07:59","slug":"itapetingacamara-municipal-emite-nota-de-pesar-pela-morte-de-herzem-gusmao","status":"publish","type":"post","link":"https:\/\/www.sudoestehoje.com.br\/novoportal\/2021\/03\/18\/itapetingacamara-municipal-emite-nota-de-pesar-pela-morte-de-herzem-gusmao\/","title":{"rendered":"ITAPETINGA:C\u00c2MARA MUNICIPAL EMITE NOTA DE PESAR PELA MORTE DE HERZEM GUSM\u00c3O"},"content":{"rendered":"<div class=\"breadcrumb\"><a href=\"https:\/\/www.sudoestehoje.com.br\/novoportal\/wp-content\/uploads\/2021\/03\/LUTO-HERZEM.jpeg\"><img loading=\"lazy\" decoding=\"async\" class=\"aligncenter size-medium wp-image-93777\" src=\"https:\/\/www.sudoestehoje.com.br\/novoportal\/wp-content\/uploads\/2021\/03\/LUTO-HERZEM-500x488.jpeg\" alt=\"\" width=\"500\" height=\"488\" srcset=\"https:\/\/www.sudoestehoje.com.br\/novoportal\/wp-content\/uploads\/2021\/03\/LUTO-HERZEM-500x488.jpeg 500w, https:\/\/www.sudoestehoje.com.br\/novoportal\/wp-content\/uploads\/2021\/03\/LUTO-HERZEM.jpeg 640w\" sizes=\"auto, (max-width: 500px) 100vw, 500px\" \/><\/a><\/div>\n<div id=\"content\" class=\"post-single-content box mark-links\">\n<p>A C\u00e2mara Municipal de Itapetinga manifesta o seu mais profundo pesar pela morte do prefeito de Vit\u00f3ria da Conquista, Herzem Gusm\u00e3o, ocorrida na noite desta quinta-feira (18), por volta das 21h, no Hospital S\u00edrio-Liban\u00eas.<\/p>\n<p>Herzem faleceu aos 72 anos, v\u00edtima de complica\u00e7\u00f5es da Covid-19.\u00a0 Um dos nomes mais conhecidos no r\u00e1dio em Vit\u00f3ria da Conquista e regi\u00e3o, Herzem tamb\u00e9m teve passagem pela Assembleia Legislativa da Bahia. Era formado em Direito e p\u00f3s-graduado em Comunica\u00e7\u00e3o e Jornalismo pela Universidade Estadual do Sudoeste da Bahia (Uesb). O r\u00e1dio era uma grande paix\u00e3o, onde construiu uma hist\u00f3ria profissional de d\u00e9cadas de dedica\u00e7\u00e3o.<\/p>\n<p>Casado h\u00e1 mais de 40 anos com dona Luci\u00a0Freire Gusm\u00e3o, Herzem deixa esposa, tr\u00eas filhos e um neto. Herzem tamb\u00e9m deixa um legado de trabalho e servi\u00e7os prestados \u00e0 sua cidade natal.<\/p>\n<p>Nesta hora de dor, a C\u00e2mara de Vereadores presta solidariedade \u00e0 fam\u00edlia, aos amigos, aos ouvintes, aos colegas de trabalho e ao povo de Vit\u00f3ria da Conquista pela perda irrepar\u00e1vel.<\/p>\n<\/div>\n","protected":false},"excerpt":{"rendered":"<p>A C\u00e2mara Municipal de Itapetinga manifesta o seu mais profundo pesar pela morte do prefeito de Vit\u00f3ria da Conquista, Herzem Gusm\u00e3o, ocorrida na noite desta quinta-feira (18), por volta das 21h, no Hospital S\u00edrio-Liban\u00eas. Herzem faleceu aos 72 anos, v\u00edtima de complica\u00e7\u00f5es da Covid-19.\u00a0 Um dos nomes mais conhecidos no r\u00e1dio em Vit\u00f3ria da Conquista [&hellip;]<\/p>\n","protected":false},"author":2,"featured_media":93777,"comment_status":"open","ping_status":"open","sticky":false,"template":"","format":"standard","meta":{"footnotes":"","_links_to":"","_links_to_target":""},"categories":[1],"tags":[],"class_list":["post-93776","post","type-post","status-publish","format-standard","has-post-thumbnail","hentry","category-geral"],"views":783,"_links":{"self":[{"href":"https:\/\/www.sudoestehoje.com.br\/novoportal\/wp-json\/wp\/v2\/posts\/93776","targetHints":{"allow":["GET"]}}],"collection":[{"href":"https:\/\/www.sudoestehoje.com.br\/novoportal\/wp-json\/wp\/v2\/posts"}],"about":[{"href":"https:\/\/www.sudoestehoje.com.br\/novoportal\/wp-json\/wp\/v2\/types\/post"}],"author":[{"embeddable":true,"href":"https:\/\/www.sudoestehoje.com.br\/novoportal\/wp-json\/wp\/v2\/users\/2"}],"replies":[{"embeddable":true,"href":"https:\/\/www.sudoestehoje.com.br\/novoportal\/wp-json\/wp\/v2\/comments?post=93776"}],"version-history":[{"count":1,"href":"https:\/\/www.sudoestehoje.com.br\/novoportal\/wp-json\/wp\/v2\/posts\/93776\/revisions"}],"predecessor-version":[{"id":93778,"href":"https:\/\/www.sudoestehoje.com.br\/novoportal\/wp-json\/wp\/v2\/posts\/93776\/revisions\/93778"}],"wp:featuredmedia":[{"embeddable":true,"href":"https:\/\/www.sudoestehoje.com.br\/novoportal\/wp-json\/wp\/v2\/media\/93777"}],"wp:attachment":[{"href":"https:\/\/www.sudoestehoje.com.br\/novoportal\/wp-json\/wp\/v2\/media?parent=93776"}],"wp:term":[{"taxonomy":"category","embeddable":true,"href":"https:\/\/www.sudoestehoje.com.br\/novoportal\/wp-json\/wp\/v2\/categories?post=93776"},{"taxonomy":"post_tag","embeddable":true,"href":"https:\/\/www.sudoestehoje.com.br\/novoportal\/wp-json\/wp\/v2\/tags?post=93776"}],"curies":[{"name":"wp","href":"https:\/\/api.w.org\/{rel}","templated":true}]}}