
{"id":93768,"date":"2021-03-18T22:10:46","date_gmt":"2021-03-19T01:10:46","guid":{"rendered":"https:\/\/www.sudoestehoje.com.br\/novoportal\/?p=93768"},"modified":"2021-03-18T22:10:46","modified_gmt":"2021-03-19T01:10:46","slug":"conquista-de-luto-morre-o-prefeito-herzem-gusmao-apos-complicacoes-da-covid-19","status":"publish","type":"post","link":"https:\/\/www.sudoestehoje.com.br\/novoportal\/2021\/03\/18\/conquista-de-luto-morre-o-prefeito-herzem-gusmao-apos-complicacoes-da-covid-19\/","title":{"rendered":"CONQUISTA DE LUTO: MORRE O PREFEITO HERZEM GUSM\u00c3O AP\u00d3S COMPLICA\u00c7\u00d5ES DA COVID-19"},"content":{"rendered":"<p><a href=\"https:\/\/www.sudoestehoje.com.br\/novoportal\/wp-content\/uploads\/2021\/03\/herzemgusmao.jpg\"><img loading=\"lazy\" decoding=\"async\" class=\"aligncenter size-medium wp-image-93770\" src=\"https:\/\/www.sudoestehoje.com.br\/novoportal\/wp-content\/uploads\/2021\/03\/herzemgusmao-500x235.jpg\" alt=\"\" width=\"500\" height=\"235\" srcset=\"https:\/\/www.sudoestehoje.com.br\/novoportal\/wp-content\/uploads\/2021\/03\/herzemgusmao-500x235.jpg 500w, https:\/\/www.sudoestehoje.com.br\/novoportal\/wp-content\/uploads\/2021\/03\/herzemgusmao-700x329.jpg 700w, https:\/\/www.sudoestehoje.com.br\/novoportal\/wp-content\/uploads\/2021\/03\/herzemgusmao-768x361.jpg 768w, https:\/\/www.sudoestehoje.com.br\/novoportal\/wp-content\/uploads\/2021\/03\/herzemgusmao-1536x722.jpg 1536w, https:\/\/www.sudoestehoje.com.br\/novoportal\/wp-content\/uploads\/2021\/03\/herzemgusmao.jpg 1600w\" sizes=\"auto, (max-width: 500px) 100vw, 500px\" \/><\/a><\/p>\n<p><strong>Morreu nesta quinta-feira (18), o prefeito da cidade de Vit\u00f3ria da Conquista, \u00a0no Sudoeste baiano, Herzem Gusm\u00e3o (MDB). O pol\u00edtico testou positivo para a Covid-19 \u00a0em dezembro do ano passado e, a partir da\u00ed, enfrentou um longo processo na luta pela cura da doen\u00e7a. Ap\u00f3s \u00a0apresentar sutis melhoras no quadro, na manh\u00e3 dessa sexta, Herzem chegou a ser transferido novamente para a Unidade de Tratamento Intensivo do Hospital S\u00edrio Liban\u00eas, onde estava internado em S\u00e3o Paulo desde 26 de dezembro de 2020, mas acabou n\u00e3o resistindo.\u00a0<\/strong><\/p>\n<p><strong>As informa\u00e7\u00f5es sobre o vel\u00f3rio do pol\u00edtico ser\u00e3o passadas pela secretaria de comunica\u00e7\u00e3o, de acordo com a fam\u00edlia do prefeito. Herzem testou positivo para a Covid-19\u00a0 em 7 de dezembro do ano passado. \u00a0Dez dias depois ele \u00a0foi diagnosticado com uma les\u00e3o pulmonar e precisou fazer uso de oxig\u00eanio para respirar com mais conforto.\u00a0<\/strong><\/p>\n<p><strong>J\u00e1 no dia 26 do mesmo m\u00eas, foi transferido para o S\u00edrio-Liban\u00eas, onde deu entrada com um quadro de pneumonia secund\u00e1ria. \u00a0Em 1\u00ba de janeiro deste ano, n\u00e3o tomou posse como prefeito, o que s\u00f3 aconteceu no dia 8, um m\u00eas ap\u00f3s ter contra\u00eddo a doen\u00e7a.\u00a0<\/strong><\/p>\n<p><strong>No dia 12 de janeiro a equipe m\u00e9dica que o acompanha, os \u00a0m\u00e9dicos Roberto Kalil, Carlos Carvalho e David Uip, cogitaram transferi-lo para a semi-intensiva do hospital, o que ocorreu apenas no \u00faltimo dia 18 e onde ele segue internado. Enquanto esteve tratando da doen\u00e7a, a vice-prefeita Sheila Lemos (DEM), esteve \u00e0 frente da prefeitura de Vit\u00f3ria da Conquista.\u00a0<\/strong><\/p>\n<p><strong>Natural de Vit\u00f3ria da Conquista, onde nascem em 02 de junho 1948, Herzem Gusm\u00e3o deixa esposa, tr\u00eas filhos e um neto.\u00a0 Na vida p\u00fablica e profissional, o\u00a0pol\u00edtico era formado em direito, mas se especializou em jornalismo e se destacou pela paix\u00e3o ao radiojornalismo. Atuou como gerente da Associa\u00e7\u00e3o de Poupan\u00e7a e Empr\u00e9stimo da Bahia ( ASPEB), \u00a0e tamb\u00e9m trabalhou no \u00a0Banco Econ\u00f4mico em 1984.<\/strong><\/p>\n<p><strong>Na \u00a0Assembl\u00e9ia Legislativa da Bahia, ap\u00f3s assumir mandato como deputado pelo PMDB em 2015, Herzem atuou como \u00a0vice-presidente \u00a0da Comiss\u00e3o de Educa\u00e7\u00e3o, Cultura, Ci\u00eancia e Tecnologia e Servi\u00e7o P\u00fablico e tamb\u00e9m foi titular de comiss\u00f5es que abordaram temas como: Educa\u00e7\u00e3o, Cultura, Ci\u00eancia e Tecnologia e Servi\u00e7o P\u00fablico, Direitos Humanos e Seguran\u00e7a P\u00fablica , Finan\u00e7as, Or\u00e7amento e Fiscaliza\u00e7\u00e3o e Controle. \u00a0Natural de Vit\u00f3ria da Conquista, onde nascem em 02 de junho 1948, Herzem Gusm\u00e3o deixa esposa, tr\u00eas filhos e um neto.\u00a0<\/strong><\/p>\n","protected":false},"excerpt":{"rendered":"<p>Morreu nesta quinta-feira (18), o prefeito da cidade de Vit\u00f3ria da Conquista, \u00a0no Sudoeste baiano, Herzem Gusm\u00e3o (MDB). O pol\u00edtico testou positivo para a Covid-19 \u00a0em dezembro do ano passado e, a partir da\u00ed, enfrentou um longo processo na luta pela cura da doen\u00e7a. Ap\u00f3s \u00a0apresentar sutis melhoras no quadro, na manh\u00e3 dessa sexta, Herzem [&hellip;]<\/p>\n","protected":false},"author":2,"featured_media":93770,"comment_status":"open","ping_status":"open","sticky":false,"template":"","format":"standard","meta":{"footnotes":"","_links_to":"","_links_to_target":""},"categories":[1],"tags":[],"class_list":["post-93768","post","type-post","status-publish","format-standard","has-post-thumbnail","hentry","category-geral"],"views":1145,"_links":{"self":[{"href":"https:\/\/www.sudoestehoje.com.br\/novoportal\/wp-json\/wp\/v2\/posts\/93768","targetHints":{"allow":["GET"]}}],"collection":[{"href":"https:\/\/www.sudoestehoje.com.br\/novoportal\/wp-json\/wp\/v2\/posts"}],"about":[{"href":"https:\/\/www.sudoestehoje.com.br\/novoportal\/wp-json\/wp\/v2\/types\/post"}],"author":[{"embeddable":true,"href":"https:\/\/www.sudoestehoje.com.br\/novoportal\/wp-json\/wp\/v2\/users\/2"}],"replies":[{"embeddable":true,"href":"https:\/\/www.sudoestehoje.com.br\/novoportal\/wp-json\/wp\/v2\/comments?post=93768"}],"version-history":[{"count":2,"href":"https:\/\/www.sudoestehoje.com.br\/novoportal\/wp-json\/wp\/v2\/posts\/93768\/revisions"}],"predecessor-version":[{"id":93771,"href":"https:\/\/www.sudoestehoje.com.br\/novoportal\/wp-json\/wp\/v2\/posts\/93768\/revisions\/93771"}],"wp:featuredmedia":[{"embeddable":true,"href":"https:\/\/www.sudoestehoje.com.br\/novoportal\/wp-json\/wp\/v2\/media\/93770"}],"wp:attachment":[{"href":"https:\/\/www.sudoestehoje.com.br\/novoportal\/wp-json\/wp\/v2\/media?parent=93768"}],"wp:term":[{"taxonomy":"category","embeddable":true,"href":"https:\/\/www.sudoestehoje.com.br\/novoportal\/wp-json\/wp\/v2\/categories?post=93768"},{"taxonomy":"post_tag","embeddable":true,"href":"https:\/\/www.sudoestehoje.com.br\/novoportal\/wp-json\/wp\/v2\/tags?post=93768"}],"curies":[{"name":"wp","href":"https:\/\/api.w.org\/{rel}","templated":true}]}}