
{"id":93764,"date":"2021-03-18T07:34:51","date_gmt":"2021-03-18T10:34:51","guid":{"rendered":"https:\/\/www.sudoestehoje.com.br\/novoportal\/?p=93764"},"modified":"2021-03-18T07:34:51","modified_gmt":"2021-03-18T10:34:51","slug":"itapetinga-registra-pico-no-numero-de-casos-ativos-da-covid-19-com-312-em-uma-semana","status":"publish","type":"post","link":"https:\/\/www.sudoestehoje.com.br\/novoportal\/2021\/03\/18\/itapetinga-registra-pico-no-numero-de-casos-ativos-da-covid-19-com-312-em-uma-semana\/","title":{"rendered":"ITAPETINGA REGISTRA PICO NO N\u00daMERO DE CASOS ATIVOS DA COVID-19 COM 312 EM UMA SEMANA"},"content":{"rendered":"<p><a href=\"https:\/\/www.sudoestehoje.com.br\/novoportal\/wp-content\/uploads\/2021\/03\/rodrigo-Bahia-not.jpg\"><img loading=\"lazy\" decoding=\"async\" class=\"aligncenter  wp-image-93765\" src=\"https:\/\/www.sudoestehoje.com.br\/novoportal\/wp-content\/uploads\/2021\/03\/rodrigo-Bahia-not.jpg\" alt=\"\" width=\"509\" height=\"375\" \/><\/a><\/p>\n<p>Nesta semana, a cidade de Itapetinga atingiu o recorde de casos ativos desde o in\u00edcio da pandemia da Covid-19. De acordo com o prefeito Rodrigo Hagge (PMDB), o munic\u00edpio chegou a registrar nessa semana 312 casos ativos. Na cidade, assim como em grande parte do estado e do pa\u00eds, h\u00e1 uma mudan\u00e7a no perfil dos casos que agravam, elevando o risco para os mais jovens. A cidade, que j\u00e1 beira a falta de leitos, planeja abrir novas vagas.<\/p>\n<p>Em entrevista ao Bahia Not\u00edcias, o gestor relatou que a cidade vivia uma estabilidade no n\u00famero de casos at\u00e9 dezembro passado, o que se inverteu no in\u00edcio deste ano. \u201cHoje estamos com 301 casos ativos. Batemos o recorde do munic\u00edpio de casos essa semana e chegamos a 312 casos ativos. As unidades est\u00e3o com sua lota\u00e7\u00e3o pr\u00f3xima ao m\u00e1ximo da sua capacidade e, al\u00e9m disso, infelizmente notamos que os mais jovens, que n\u00e3o tinham agravamento, est\u00e3o come\u00e7ando a agravar\u201d, disse.<\/p>\n<p>Segundo Hagge, reuni\u00f5es vem ocorrendo junto ao governador Rui Costa na tentativa de abertura de novos leitos. \u201cPlanejamos criar 10 leitos cl\u00ednicos e dez de UTI. Temos um hospital com 90 leitos [cl\u00ednicos] e 10 leitos de UTI, estamos planejando fazer agora mais 10 leitos exclusivos para o corona\u201d, disse.<\/p>\n<p>Itapetinga optou em seguir todos os decretos estaduais que limitam o funcionamento das atividades e restringem a venda de bebidas alco\u00f3licas aos finais de semana e estabelecem o toque de recolher entre \u00e0s 20h e \u00e0s 5h. \u201cVejo muita atecnia em alguns colegas prefeitos em dizer aderir ou n\u00e3o ao decreto do governador. Decreto do governador se cumpre. Ent\u00e3o Itapetinga tem cumprindo fielmente a esses decretos publicados e editados pelo estado\u201d, assegurou.<\/p>\n<p>AULAS NO MUNIC\u00cdPIO<\/p>\n<p>A cidade j\u00e1 retornou remotamente o ensino letivo referente ao ano 2020, no entanto, apenas a sede, os distritos e povoados est\u00e3o tendo acesso \u00e0s aulas. Por falta de internet na zona rural, os estudantes que moram mais afastados n\u00e3o voltaram a estudar. \u201cUma semana antes dessas restri\u00e7\u00f5es impostas pelo governo do estado, n\u00f3s hav\u00edamos anunciado o retorno presencial das aulas no munic\u00edpio.\u00a0Nos preparamos e planejamos, mas, infelizmente, n\u00e3o foi poss\u00edvel. Tivemos que adiar e estamos tendo essa assist\u00eancia dos professores aos alunos durante toda pandemia. Nem todos os professores sabem utilizar as ferramentas de maior informatiza\u00e7\u00e3o, ent\u00e3o estas n\u00e3o foram aulas obrigat\u00f3rias, mas sim uma assist\u00eancia que eles deram aos alunos\u201d, finalizou.<\/p>\n<p>Itapetinga \u00a0j\u00e1 vacinou quatro mil pessoas e agora est\u00e1\u00a0na faixa et\u00e1ria dos 75 anos. Nesta quarta-feira (17), o munic\u00edpio recebeu outras 1.040 doses.<\/p>\n","protected":false},"excerpt":{"rendered":"<p>Nesta semana, a cidade de Itapetinga atingiu o recorde de casos ativos desde o in\u00edcio da pandemia da Covid-19. De acordo com o prefeito Rodrigo Hagge (PMDB), o munic\u00edpio chegou a registrar nessa semana 312 casos ativos. Na cidade, assim como em grande parte do estado e do pa\u00eds, h\u00e1 uma mudan\u00e7a no perfil dos [&hellip;]<\/p>\n","protected":false},"author":2,"featured_media":93765,"comment_status":"open","ping_status":"open","sticky":false,"template":"","format":"standard","meta":{"footnotes":"","_links_to":"","_links_to_target":""},"categories":[1],"tags":[],"class_list":["post-93764","post","type-post","status-publish","format-standard","has-post-thumbnail","hentry","category-geral"],"views":1273,"_links":{"self":[{"href":"https:\/\/www.sudoestehoje.com.br\/novoportal\/wp-json\/wp\/v2\/posts\/93764","targetHints":{"allow":["GET"]}}],"collection":[{"href":"https:\/\/www.sudoestehoje.com.br\/novoportal\/wp-json\/wp\/v2\/posts"}],"about":[{"href":"https:\/\/www.sudoestehoje.com.br\/novoportal\/wp-json\/wp\/v2\/types\/post"}],"author":[{"embeddable":true,"href":"https:\/\/www.sudoestehoje.com.br\/novoportal\/wp-json\/wp\/v2\/users\/2"}],"replies":[{"embeddable":true,"href":"https:\/\/www.sudoestehoje.com.br\/novoportal\/wp-json\/wp\/v2\/comments?post=93764"}],"version-history":[{"count":2,"href":"https:\/\/www.sudoestehoje.com.br\/novoportal\/wp-json\/wp\/v2\/posts\/93764\/revisions"}],"predecessor-version":[{"id":93767,"href":"https:\/\/www.sudoestehoje.com.br\/novoportal\/wp-json\/wp\/v2\/posts\/93764\/revisions\/93767"}],"wp:featuredmedia":[{"embeddable":true,"href":"https:\/\/www.sudoestehoje.com.br\/novoportal\/wp-json\/wp\/v2\/media\/93765"}],"wp:attachment":[{"href":"https:\/\/www.sudoestehoje.com.br\/novoportal\/wp-json\/wp\/v2\/media?parent=93764"}],"wp:term":[{"taxonomy":"category","embeddable":true,"href":"https:\/\/www.sudoestehoje.com.br\/novoportal\/wp-json\/wp\/v2\/categories?post=93764"},{"taxonomy":"post_tag","embeddable":true,"href":"https:\/\/www.sudoestehoje.com.br\/novoportal\/wp-json\/wp\/v2\/tags?post=93764"}],"curies":[{"name":"wp","href":"https:\/\/api.w.org\/{rel}","templated":true}]}}