
{"id":93743,"date":"2021-03-17T09:36:59","date_gmt":"2021-03-17T12:36:59","guid":{"rendered":"https:\/\/www.sudoestehoje.com.br\/novoportal\/?p=93743"},"modified":"2021-03-17T09:36:59","modified_gmt":"2021-03-17T12:36:59","slug":"itapetinga-vereador-helder-ladeia-indica-construcao-de-quadra-de-esportes-na-escola-dona-geni-em-bandeira-do-colonia","status":"publish","type":"post","link":"https:\/\/www.sudoestehoje.com.br\/novoportal\/2021\/03\/17\/itapetinga-vereador-helder-ladeia-indica-construcao-de-quadra-de-esportes-na-escola-dona-geni-em-bandeira-do-colonia\/","title":{"rendered":"ITAPETINGA: VEREADOR HELDER LADEIA INDICA CONSTRU\u00c7\u00c3O DE QUADRA DE ESPORTES NA ESCOLA DONA GENI EM BANDEIRA DO COL\u00d4NIA"},"content":{"rendered":"<p><a href=\"https:\/\/www.sudoestehoje.com.br\/novoportal\/wp-content\/uploads\/2021\/03\/dona-geni8.jpg\"><img loading=\"lazy\" decoding=\"async\" class=\"aligncenter size-medium wp-image-93745\" src=\"https:\/\/www.sudoestehoje.com.br\/novoportal\/wp-content\/uploads\/2021\/03\/dona-geni8-500x263.jpg\" alt=\"\" width=\"500\" height=\"263\" srcset=\"https:\/\/www.sudoestehoje.com.br\/novoportal\/wp-content\/uploads\/2021\/03\/dona-geni8-500x263.jpg 500w, https:\/\/www.sudoestehoje.com.br\/novoportal\/wp-content\/uploads\/2021\/03\/dona-geni8-700x368.jpg 700w, https:\/\/www.sudoestehoje.com.br\/novoportal\/wp-content\/uploads\/2021\/03\/dona-geni8-768x403.jpg 768w, https:\/\/www.sudoestehoje.com.br\/novoportal\/wp-content\/uploads\/2021\/03\/dona-geni8.jpg 1200w\" sizes=\"auto, (max-width: 500px) 100vw, 500px\" \/><\/a><\/p>\n<p>Atrav\u00e9s de Indica\u00e7\u00e3o protocolada na secretaria da C\u00e2mara Municipal, o vereador Helder Ladeia solicitou ao prefeito Rodrigo Hagge e ao secret\u00e1rio de educa\u00e7\u00e3o Geraldo Trindade, a constru\u00e7\u00e3o de uma Quadra Poliesportiva na Escola Municipal Dona Geni, no distrito de Bandeira do Col\u00f4nia.<\/p>\n<p><em>&#8220;A Escola Dona Geni \u00e9 a maior unidade escolar do distrito de Bandeira e ainda n\u00e3o conta com uma quadra, onde seus alunos possam exercer atividades esportivas e aulas de educa\u00e7\u00e3o f\u00edsica, sendo obrigados a realizar essas atividades na quadra do distrito, que tamb\u00e9m precisa passar por reforma&#8221;<\/em>, disse o atuante vereador.<\/p>\n<p>Assim que a Indica\u00e7\u00e3o for votada e aprovada pelo plen\u00e1rio da c\u00e2mara, ser\u00e1 encaminhada ao prefeito e ao secret\u00e1rio Geraldo Tridade, para provid\u00eancias.<\/p>\n<p><em><strong>Por Davi Ferraz<\/strong><\/em><\/p>\n","protected":false},"excerpt":{"rendered":"<p>Atrav\u00e9s de Indica\u00e7\u00e3o protocolada na secretaria da C\u00e2mara Municipal, o vereador Helder Ladeia solicitou ao prefeito Rodrigo Hagge e ao secret\u00e1rio de educa\u00e7\u00e3o Geraldo Trindade, a constru\u00e7\u00e3o de uma Quadra Poliesportiva na Escola Municipal Dona Geni, no distrito de Bandeira do Col\u00f4nia. &#8220;A Escola Dona Geni \u00e9 a maior unidade escolar do distrito de Bandeira [&hellip;]<\/p>\n","protected":false},"author":2,"featured_media":93745,"comment_status":"open","ping_status":"open","sticky":false,"template":"","format":"standard","meta":{"footnotes":"","_links_to":"","_links_to_target":""},"categories":[1],"tags":[],"class_list":["post-93743","post","type-post","status-publish","format-standard","has-post-thumbnail","hentry","category-geral"],"views":1561,"_links":{"self":[{"href":"https:\/\/www.sudoestehoje.com.br\/novoportal\/wp-json\/wp\/v2\/posts\/93743","targetHints":{"allow":["GET"]}}],"collection":[{"href":"https:\/\/www.sudoestehoje.com.br\/novoportal\/wp-json\/wp\/v2\/posts"}],"about":[{"href":"https:\/\/www.sudoestehoje.com.br\/novoportal\/wp-json\/wp\/v2\/types\/post"}],"author":[{"embeddable":true,"href":"https:\/\/www.sudoestehoje.com.br\/novoportal\/wp-json\/wp\/v2\/users\/2"}],"replies":[{"embeddable":true,"href":"https:\/\/www.sudoestehoje.com.br\/novoportal\/wp-json\/wp\/v2\/comments?post=93743"}],"version-history":[{"count":3,"href":"https:\/\/www.sudoestehoje.com.br\/novoportal\/wp-json\/wp\/v2\/posts\/93743\/revisions"}],"predecessor-version":[{"id":93747,"href":"https:\/\/www.sudoestehoje.com.br\/novoportal\/wp-json\/wp\/v2\/posts\/93743\/revisions\/93747"}],"wp:featuredmedia":[{"embeddable":true,"href":"https:\/\/www.sudoestehoje.com.br\/novoportal\/wp-json\/wp\/v2\/media\/93745"}],"wp:attachment":[{"href":"https:\/\/www.sudoestehoje.com.br\/novoportal\/wp-json\/wp\/v2\/media?parent=93743"}],"wp:term":[{"taxonomy":"category","embeddable":true,"href":"https:\/\/www.sudoestehoje.com.br\/novoportal\/wp-json\/wp\/v2\/categories?post=93743"},{"taxonomy":"post_tag","embeddable":true,"href":"https:\/\/www.sudoestehoje.com.br\/novoportal\/wp-json\/wp\/v2\/tags?post=93743"}],"curies":[{"name":"wp","href":"https:\/\/api.w.org\/{rel}","templated":true}]}}