
{"id":93739,"date":"2021-03-16T23:02:03","date_gmt":"2021-03-17T02:02:03","guid":{"rendered":"https:\/\/www.sudoestehoje.com.br\/novoportal\/?p=93739"},"modified":"2021-03-16T23:02:03","modified_gmt":"2021-03-17T02:02:03","slug":"brasil-registra-recorde-de-mortes-por-covid-19-nas-ultimas-24-horas-2-798-obitos","status":"publish","type":"post","link":"https:\/\/www.sudoestehoje.com.br\/novoportal\/2021\/03\/16\/brasil-registra-recorde-de-mortes-por-covid-19-nas-ultimas-24-horas-2-798-obitos\/","title":{"rendered":"BRASIL REGISTRA RECORDE DE MORTES POR COVID-19 NAS \u00daLTIMAS 24 HORAS; 2.798 \u00d3BITOS"},"content":{"rendered":"<p><a href=\"https:\/\/www.sudoestehoje.com.br\/novoportal\/wp-content\/uploads\/2021\/03\/LEITOS-LOTADOS.jpg\"><img loading=\"lazy\" decoding=\"async\" class=\"aligncenter  wp-image-93740\" src=\"https:\/\/www.sudoestehoje.com.br\/novoportal\/wp-content\/uploads\/2021\/03\/LEITOS-LOTADOS.jpg\" alt=\"\" width=\"500\" height=\"333\" \/><\/a><\/p>\n<p>O n\u00famero de mortes decorrentes da Covid-19 no Brasil chegou a 2.798 nas \u00faltimas 24 horas, novo recorde da pandemia, segundo dados reunidos pelo cons\u00f3rcio de ve\u00edculos de imprensa. A quantidade equivale a 116 \u00f3bitos a cada hora no Pa\u00eds, que atravessa o pior momento desde o in\u00edcio da pandemia. No total, j\u00e1 s\u00e3o 282.400 v\u00edtimas do novo coronav\u00edrus.<\/p>\n<p>A quantidade de \u00f3bitos nesta ter\u00e7a-feira, 16, ultrapassou o recorde anterior, de 2.349 da quarta-feira da semana passada. A m\u00e9dia m\u00f3vel di\u00e1ria de mortes, que leva em considera\u00e7\u00e3o dados dos \u00faltimos sete dias, foi recorde pelo 18\u00ba dia consecutivo, chegando a 1.976. Na pr\u00e1tica, o n\u00famero representa 13.832 mortes pela Covid-19 na \u00faltima semana, a maior quantidade para um per\u00edodo assim desde o in\u00edcio da pandemia.<\/p>\n<p>No total, nove Estados est\u00e3o hoje com a maior m\u00e9dia m\u00f3vel di\u00e1ria de \u00f3bitos da pandemia: Acre (10), Goi\u00e1s (125), Mato Grosso (55), Mato Grosso do Sul (25), Para\u00edba (41), Rio Grande do Sul (253), S\u00e3o Paulo (400) e Tocantins (16).<\/p>\n","protected":false},"excerpt":{"rendered":"<p>O n\u00famero de mortes decorrentes da Covid-19 no Brasil chegou a 2.798 nas \u00faltimas 24 horas, novo recorde da pandemia, segundo dados reunidos pelo cons\u00f3rcio de ve\u00edculos de imprensa. A quantidade equivale a 116 \u00f3bitos a cada hora no Pa\u00eds, que atravessa o pior momento desde o in\u00edcio da pandemia. No total, j\u00e1 s\u00e3o 282.400 [&hellip;]<\/p>\n","protected":false},"author":2,"featured_media":93740,"comment_status":"open","ping_status":"open","sticky":false,"template":"","format":"standard","meta":{"footnotes":"","_links_to":"","_links_to_target":""},"categories":[1],"tags":[],"class_list":["post-93739","post","type-post","status-publish","format-standard","has-post-thumbnail","hentry","category-geral"],"views":911,"_links":{"self":[{"href":"https:\/\/www.sudoestehoje.com.br\/novoportal\/wp-json\/wp\/v2\/posts\/93739","targetHints":{"allow":["GET"]}}],"collection":[{"href":"https:\/\/www.sudoestehoje.com.br\/novoportal\/wp-json\/wp\/v2\/posts"}],"about":[{"href":"https:\/\/www.sudoestehoje.com.br\/novoportal\/wp-json\/wp\/v2\/types\/post"}],"author":[{"embeddable":true,"href":"https:\/\/www.sudoestehoje.com.br\/novoportal\/wp-json\/wp\/v2\/users\/2"}],"replies":[{"embeddable":true,"href":"https:\/\/www.sudoestehoje.com.br\/novoportal\/wp-json\/wp\/v2\/comments?post=93739"}],"version-history":[{"count":1,"href":"https:\/\/www.sudoestehoje.com.br\/novoportal\/wp-json\/wp\/v2\/posts\/93739\/revisions"}],"predecessor-version":[{"id":93741,"href":"https:\/\/www.sudoestehoje.com.br\/novoportal\/wp-json\/wp\/v2\/posts\/93739\/revisions\/93741"}],"wp:featuredmedia":[{"embeddable":true,"href":"https:\/\/www.sudoestehoje.com.br\/novoportal\/wp-json\/wp\/v2\/media\/93740"}],"wp:attachment":[{"href":"https:\/\/www.sudoestehoje.com.br\/novoportal\/wp-json\/wp\/v2\/media?parent=93739"}],"wp:term":[{"taxonomy":"category","embeddable":true,"href":"https:\/\/www.sudoestehoje.com.br\/novoportal\/wp-json\/wp\/v2\/categories?post=93739"},{"taxonomy":"post_tag","embeddable":true,"href":"https:\/\/www.sudoestehoje.com.br\/novoportal\/wp-json\/wp\/v2\/tags?post=93739"}],"curies":[{"name":"wp","href":"https:\/\/api.w.org\/{rel}","templated":true}]}}