
{"id":93733,"date":"2021-03-16T22:52:52","date_gmt":"2021-03-17T01:52:52","guid":{"rendered":"https:\/\/www.sudoestehoje.com.br\/novoportal\/?p=93733"},"modified":"2021-03-16T22:52:52","modified_gmt":"2021-03-17T01:52:52","slug":"itapetinga-registra-7-mortes-por-covid-19-nas-ultimas-24-horas","status":"publish","type":"post","link":"https:\/\/www.sudoestehoje.com.br\/novoportal\/2021\/03\/16\/itapetinga-registra-7-mortes-por-covid-19-nas-ultimas-24-horas\/","title":{"rendered":"ITAPETINGA REGISTRA 7 MORTES POR COVID-19 NAS \u00daLTIMAS 24 HORAS"},"content":{"rendered":"<p><a href=\"https:\/\/www.sudoestehoje.com.br\/novoportal\/wp-content\/uploads\/2021\/03\/itapetinga-vista-2.jpeg\"><img loading=\"lazy\" decoding=\"async\" class=\"aligncenter size-medium wp-image-93735\" src=\"https:\/\/www.sudoestehoje.com.br\/novoportal\/wp-content\/uploads\/2021\/03\/itapetinga-vista-2-500x333.jpeg\" alt=\"\" width=\"500\" height=\"333\" srcset=\"https:\/\/www.sudoestehoje.com.br\/novoportal\/wp-content\/uploads\/2021\/03\/itapetinga-vista-2-500x333.jpeg 500w, https:\/\/www.sudoestehoje.com.br\/novoportal\/wp-content\/uploads\/2021\/03\/itapetinga-vista-2-700x466.jpeg 700w, https:\/\/www.sudoestehoje.com.br\/novoportal\/wp-content\/uploads\/2021\/03\/itapetinga-vista-2-768x512.jpeg 768w, https:\/\/www.sudoestehoje.com.br\/novoportal\/wp-content\/uploads\/2021\/03\/itapetinga-vista-2.jpeg 1280w\" sizes=\"auto, (max-width: 500px) 100vw, 500px\" \/><\/a><\/p>\n<p>Sete mortes por Covid-19 foral registradas em Itapetinga nas \u00faltimas 24 horas, segundo informa\u00e7\u00f5es n\u00e3o oficiais divulgadas nas redes sociais, na noite desta ter\u00e7a-feira (16).<\/p>\n<p><strong>CONFIRA LISTA:<\/strong><\/p>\n<p><strong>1. EDGAR DUARTE MOREIRA, 64 anos, morador do centro de Itapetinga. Ele veio a \u00f3bito durante a manh\u00e3.<\/strong><\/p>\n<p><strong>2. IVONICE DA SILVA, 42 anos, moradora da Nova Itapetinga, faleceu na madrugada, no Cristo<\/strong><\/p>\n<p><strong>3. ALMIR GON\u00c7ALVES DE SOUZA, conhecido como Almir Cabe\u00e7a Branca, 80 anos, morador da Rua Jequi\u00e9.<\/strong><\/p>\n<p><strong>4.MARIA DE LOURDES DOS SANTOS, moradora do Bairro Nova. Morreu no Costa do Cacau em Ilh\u00e9us<\/strong><\/p>\n<p><strong>5. EDITH PIO MOROR\u00d3, morreu em Salvador<\/strong><\/p>\n<p><strong>6. DANIELLE DOS SANTOS SILVESTRE, a Danny, 34 anos, em SP<\/strong><\/p>\n<p><strong>7. VALTER RUBENS, Gerente do ITC<\/strong><\/p>\n<p>De acordo com informa\u00e7\u00f5es de pessoas ligadas \u00e0 \u00e1rea de sa\u00fade, a nova variante do Coronav\u00edrus \u00e9 muito agressiva e pode levar \u00e0 morte em poucas horas, impossibilitando a interna\u00e7\u00e3o e tratamento.<\/p>\n<p>A nova cepa de Manaus j\u00e1 est\u00e1 presente em Itapetinga e cidades da regi\u00e3o, segundo confirma\u00e7\u00e3o da Sesab.<\/p>\n<p><strong><em>Por Davi Ferraz<\/em><\/strong><\/p>\n","protected":false},"excerpt":{"rendered":"<p>Sete mortes por Covid-19 foral registradas em Itapetinga nas \u00faltimas 24 horas, segundo informa\u00e7\u00f5es n\u00e3o oficiais divulgadas nas redes sociais, na noite desta ter\u00e7a-feira (16). CONFIRA LISTA: 1. EDGAR DUARTE MOREIRA, 64 anos, morador do centro de Itapetinga. Ele veio a \u00f3bito durante a manh\u00e3. 2. IVONICE DA SILVA, 42 anos, moradora da Nova Itapetinga, [&hellip;]<\/p>\n","protected":false},"author":2,"featured_media":93735,"comment_status":"open","ping_status":"open","sticky":false,"template":"","format":"standard","meta":{"footnotes":"","_links_to":"","_links_to_target":""},"categories":[1],"tags":[],"class_list":["post-93733","post","type-post","status-publish","format-standard","has-post-thumbnail","hentry","category-geral"],"views":1897,"_links":{"self":[{"href":"https:\/\/www.sudoestehoje.com.br\/novoportal\/wp-json\/wp\/v2\/posts\/93733","targetHints":{"allow":["GET"]}}],"collection":[{"href":"https:\/\/www.sudoestehoje.com.br\/novoportal\/wp-json\/wp\/v2\/posts"}],"about":[{"href":"https:\/\/www.sudoestehoje.com.br\/novoportal\/wp-json\/wp\/v2\/types\/post"}],"author":[{"embeddable":true,"href":"https:\/\/www.sudoestehoje.com.br\/novoportal\/wp-json\/wp\/v2\/users\/2"}],"replies":[{"embeddable":true,"href":"https:\/\/www.sudoestehoje.com.br\/novoportal\/wp-json\/wp\/v2\/comments?post=93733"}],"version-history":[{"count":4,"href":"https:\/\/www.sudoestehoje.com.br\/novoportal\/wp-json\/wp\/v2\/posts\/93733\/revisions"}],"predecessor-version":[{"id":93738,"href":"https:\/\/www.sudoestehoje.com.br\/novoportal\/wp-json\/wp\/v2\/posts\/93733\/revisions\/93738"}],"wp:featuredmedia":[{"embeddable":true,"href":"https:\/\/www.sudoestehoje.com.br\/novoportal\/wp-json\/wp\/v2\/media\/93735"}],"wp:attachment":[{"href":"https:\/\/www.sudoestehoje.com.br\/novoportal\/wp-json\/wp\/v2\/media?parent=93733"}],"wp:term":[{"taxonomy":"category","embeddable":true,"href":"https:\/\/www.sudoestehoje.com.br\/novoportal\/wp-json\/wp\/v2\/categories?post=93733"},{"taxonomy":"post_tag","embeddable":true,"href":"https:\/\/www.sudoestehoje.com.br\/novoportal\/wp-json\/wp\/v2\/tags?post=93733"}],"curies":[{"name":"wp","href":"https:\/\/api.w.org\/{rel}","templated":true}]}}