
{"id":93730,"date":"2021-03-16T22:13:44","date_gmt":"2021-03-17T01:13:44","guid":{"rendered":"https:\/\/www.sudoestehoje.com.br\/novoportal\/?p=93730"},"modified":"2021-03-16T23:13:17","modified_gmt":"2021-03-17T02:13:17","slug":"itapetinga-gerente-o-itc-morre-nesta-terca-em-decorrencia-da-covid-19","status":"publish","type":"post","link":"https:\/\/www.sudoestehoje.com.br\/novoportal\/2021\/03\/16\/itapetinga-gerente-o-itc-morre-nesta-terca-em-decorrencia-da-covid-19\/","title":{"rendered":"ITAPETINGA: GERENTE O ITC MORRE NESTA TER\u00c7A EM DECORR\u00caNCIA DA COVID-19"},"content":{"rendered":"<p><a href=\"https:\/\/www.sudoestehoje.com.br\/novoportal\/wp-content\/uploads\/2021\/03\/GERENTE-ITC.jpeg\"><img loading=\"lazy\" decoding=\"async\" class=\"aligncenter wp-image-93731\" src=\"https:\/\/www.sudoestehoje.com.br\/novoportal\/wp-content\/uploads\/2021\/03\/GERENTE-ITC.jpeg\" alt=\"\" width=\"501\" height=\"414\" \/><\/a><\/p>\n<p>O ITC-Itapetinga T\u00eanis Clube, atrav\u00e9s de sua Diretoria e associados, manifestou o mais profundo sentimento de pesar pelo falecimento de Valter Rubens, gerente do Clube, ocorrido na noite desta ter\u00e7a-feira (16), em decorr\u00eancia da Covid-19.<\/p>\n<p>Valter Rubens era gerente do Itapetinga T\u00eanis Clube onde mantinha uma excelente rela\u00e7\u00e3o profissional e de cordialidade com a Diretoria, funcion\u00e1rios e associados.<\/p>\n<p>Nesta ter\u00e7a, Itapetinga perdeu 7 vidas em decorr\u00eancia da Covid- 19, segundo lista n\u00e3o oficial que circula nas redes sociais.<\/p>\n<p><em><strong>Reda\u00e7\u00e3o<\/strong><\/em><\/p>\n","protected":false},"excerpt":{"rendered":"<p>O ITC-Itapetinga T\u00eanis Clube, atrav\u00e9s de sua Diretoria e associados, manifestou o mais profundo sentimento de pesar pelo falecimento de Valter Rubens, gerente do Clube, ocorrido na noite desta ter\u00e7a-feira (16), em decorr\u00eancia da Covid-19. Valter Rubens era gerente do Itapetinga T\u00eanis Clube onde mantinha uma excelente rela\u00e7\u00e3o profissional e de cordialidade com a Diretoria, [&hellip;]<\/p>\n","protected":false},"author":2,"featured_media":93731,"comment_status":"open","ping_status":"open","sticky":false,"template":"","format":"standard","meta":{"footnotes":"","_links_to":"","_links_to_target":""},"categories":[1],"tags":[],"class_list":["post-93730","post","type-post","status-publish","format-standard","has-post-thumbnail","hentry","category-geral"],"views":1053,"_links":{"self":[{"href":"https:\/\/www.sudoestehoje.com.br\/novoportal\/wp-json\/wp\/v2\/posts\/93730","targetHints":{"allow":["GET"]}}],"collection":[{"href":"https:\/\/www.sudoestehoje.com.br\/novoportal\/wp-json\/wp\/v2\/posts"}],"about":[{"href":"https:\/\/www.sudoestehoje.com.br\/novoportal\/wp-json\/wp\/v2\/types\/post"}],"author":[{"embeddable":true,"href":"https:\/\/www.sudoestehoje.com.br\/novoportal\/wp-json\/wp\/v2\/users\/2"}],"replies":[{"embeddable":true,"href":"https:\/\/www.sudoestehoje.com.br\/novoportal\/wp-json\/wp\/v2\/comments?post=93730"}],"version-history":[{"count":2,"href":"https:\/\/www.sudoestehoje.com.br\/novoportal\/wp-json\/wp\/v2\/posts\/93730\/revisions"}],"predecessor-version":[{"id":93742,"href":"https:\/\/www.sudoestehoje.com.br\/novoportal\/wp-json\/wp\/v2\/posts\/93730\/revisions\/93742"}],"wp:featuredmedia":[{"embeddable":true,"href":"https:\/\/www.sudoestehoje.com.br\/novoportal\/wp-json\/wp\/v2\/media\/93731"}],"wp:attachment":[{"href":"https:\/\/www.sudoestehoje.com.br\/novoportal\/wp-json\/wp\/v2\/media?parent=93730"}],"wp:term":[{"taxonomy":"category","embeddable":true,"href":"https:\/\/www.sudoestehoje.com.br\/novoportal\/wp-json\/wp\/v2\/categories?post=93730"},{"taxonomy":"post_tag","embeddable":true,"href":"https:\/\/www.sudoestehoje.com.br\/novoportal\/wp-json\/wp\/v2\/tags?post=93730"}],"curies":[{"name":"wp","href":"https:\/\/api.w.org\/{rel}","templated":true}]}}