
{"id":93722,"date":"2021-03-16T19:40:44","date_gmt":"2021-03-16T22:40:44","guid":{"rendered":"https:\/\/www.sudoestehoje.com.br\/novoportal\/?p=93722"},"modified":"2021-03-16T19:40:44","modified_gmt":"2021-03-16T22:40:44","slug":"estado-de-saude-de-herzem-gusmao-piora-e-preocupa-populacao-de-conquista","status":"publish","type":"post","link":"https:\/\/www.sudoestehoje.com.br\/novoportal\/2021\/03\/16\/estado-de-saude-de-herzem-gusmao-piora-e-preocupa-populacao-de-conquista\/","title":{"rendered":"ESTADO DE SA\u00daDE DE HERZEM GUSM\u00c3O PIORA E PREOCUPA POPULA\u00c7\u00c3O DE CONQUISTA"},"content":{"rendered":"<p><a href=\"https:\/\/www.sudoestehoje.com.br\/novoportal\/wp-content\/uploads\/2021\/03\/HERZEM-COVID.jpg\"><img loading=\"lazy\" decoding=\"async\" class=\"aligncenter size-medium wp-image-93675\" src=\"https:\/\/www.sudoestehoje.com.br\/novoportal\/wp-content\/uploads\/2021\/03\/HERZEM-COVID-500x311.jpg\" alt=\"\" width=\"500\" height=\"311\" srcset=\"https:\/\/www.sudoestehoje.com.br\/novoportal\/wp-content\/uploads\/2021\/03\/HERZEM-COVID-500x311.jpg 500w, https:\/\/www.sudoestehoje.com.br\/novoportal\/wp-content\/uploads\/2021\/03\/HERZEM-COVID-700x436.jpg 700w, https:\/\/www.sudoestehoje.com.br\/novoportal\/wp-content\/uploads\/2021\/03\/HERZEM-COVID-768x478.jpg 768w, https:\/\/www.sudoestehoje.com.br\/novoportal\/wp-content\/uploads\/2021\/03\/HERZEM-COVID.jpg 940w\" sizes=\"auto, (max-width: 500px) 100vw, 500px\" \/><\/a><\/p>\n<p>Atrav\u00e9s das redes sociais, a assessoria pessoal do prefeito de Vit\u00f3ria da Conquista emitiu nota sobre o quadro de sa\u00fade Herzem Gusm\u00e3o, internado em um hospital na capital paulista, para tratamento dos efeitos da Covid-19. Veja nota:<\/p>\n<p><strong><em>&#8220;Agrava o estado de sa\u00fade do prefeito. Na manh\u00e3 desta ter\u00e7a-feira (16), o prefeito Herzem Gusm\u00e3o apresentou piora do quadro cl\u00ednico e maior comprometimento das fun\u00e7\u00f5es vitais.\u00a0Apesar de todas as medidas adotadas pela equipe m\u00e9dica para conter o avan\u00e7o das complica\u00e7\u00f5es, no momento, o quadro \u00e9 inst\u00e1vel e muito grave.A famil\u00eda agradece e refor\u00e7a o pedido de ora\u00e7\u00f5es pela vida de Herzem. Deus aben\u00e7oe a todos.&#8221;<\/em><\/strong><\/p>\n<p><strong><em>Reda\u00e7\u00e3o SH<\/em><\/strong><\/p>\n","protected":false},"excerpt":{"rendered":"<p>Atrav\u00e9s das redes sociais, a assessoria pessoal do prefeito de Vit\u00f3ria da Conquista emitiu nota sobre o quadro de sa\u00fade Herzem Gusm\u00e3o, internado em um hospital na capital paulista, para tratamento dos efeitos da Covid-19. Veja nota: &#8220;Agrava o estado de sa\u00fade do prefeito. Na manh\u00e3 desta ter\u00e7a-feira (16), o prefeito Herzem Gusm\u00e3o apresentou piora [&hellip;]<\/p>\n","protected":false},"author":2,"featured_media":93675,"comment_status":"open","ping_status":"open","sticky":false,"template":"","format":"standard","meta":{"footnotes":"","_links_to":"","_links_to_target":""},"categories":[1],"tags":[],"class_list":["post-93722","post","type-post","status-publish","format-standard","has-post-thumbnail","hentry","category-geral"],"views":892,"_links":{"self":[{"href":"https:\/\/www.sudoestehoje.com.br\/novoportal\/wp-json\/wp\/v2\/posts\/93722","targetHints":{"allow":["GET"]}}],"collection":[{"href":"https:\/\/www.sudoestehoje.com.br\/novoportal\/wp-json\/wp\/v2\/posts"}],"about":[{"href":"https:\/\/www.sudoestehoje.com.br\/novoportal\/wp-json\/wp\/v2\/types\/post"}],"author":[{"embeddable":true,"href":"https:\/\/www.sudoestehoje.com.br\/novoportal\/wp-json\/wp\/v2\/users\/2"}],"replies":[{"embeddable":true,"href":"https:\/\/www.sudoestehoje.com.br\/novoportal\/wp-json\/wp\/v2\/comments?post=93722"}],"version-history":[{"count":2,"href":"https:\/\/www.sudoestehoje.com.br\/novoportal\/wp-json\/wp\/v2\/posts\/93722\/revisions"}],"predecessor-version":[{"id":93724,"href":"https:\/\/www.sudoestehoje.com.br\/novoportal\/wp-json\/wp\/v2\/posts\/93722\/revisions\/93724"}],"wp:featuredmedia":[{"embeddable":true,"href":"https:\/\/www.sudoestehoje.com.br\/novoportal\/wp-json\/wp\/v2\/media\/93675"}],"wp:attachment":[{"href":"https:\/\/www.sudoestehoje.com.br\/novoportal\/wp-json\/wp\/v2\/media?parent=93722"}],"wp:term":[{"taxonomy":"category","embeddable":true,"href":"https:\/\/www.sudoestehoje.com.br\/novoportal\/wp-json\/wp\/v2\/categories?post=93722"},{"taxonomy":"post_tag","embeddable":true,"href":"https:\/\/www.sudoestehoje.com.br\/novoportal\/wp-json\/wp\/v2\/tags?post=93722"}],"curies":[{"name":"wp","href":"https:\/\/api.w.org\/{rel}","templated":true}]}}