
{"id":93711,"date":"2021-03-15T18:31:32","date_gmt":"2021-03-15T21:31:32","guid":{"rendered":"https:\/\/www.sudoestehoje.com.br\/novoportal\/?p=93711"},"modified":"2021-03-15T18:32:36","modified_gmt":"2021-03-15T21:32:36","slug":"itapetinga-projeto-que-tramita-na-camara-vai-levar-infraestrutura-para-o-cidade-jardim-e-vila-aurora","status":"publish","type":"post","link":"https:\/\/www.sudoestehoje.com.br\/novoportal\/2021\/03\/15\/itapetinga-projeto-que-tramita-na-camara-vai-levar-infraestrutura-para-o-cidade-jardim-e-vila-aurora\/","title":{"rendered":"ITAPETINGA: PROJETO QUE TRAMITA NA C\u00c2MARA VAI LEVAR INFRAESTRUTURA PARA O CIDADE JARDIM E VILA AURORA"},"content":{"rendered":"<p><a href=\"https:\/\/www.sudoestehoje.com.br\/novoportal\/wp-content\/uploads\/2021\/03\/vila-aurora.jpeg\"><img loading=\"lazy\" decoding=\"async\" class=\"aligncenter size-medium wp-image-93713\" src=\"https:\/\/www.sudoestehoje.com.br\/novoportal\/wp-content\/uploads\/2021\/03\/vila-aurora-500x375.jpeg\" alt=\"\" width=\"500\" height=\"375\" srcset=\"https:\/\/www.sudoestehoje.com.br\/novoportal\/wp-content\/uploads\/2021\/03\/vila-aurora-500x375.jpeg 500w, https:\/\/www.sudoestehoje.com.br\/novoportal\/wp-content\/uploads\/2021\/03\/vila-aurora-700x525.jpeg 700w, https:\/\/www.sudoestehoje.com.br\/novoportal\/wp-content\/uploads\/2021\/03\/vila-aurora-768x576.jpeg 768w, https:\/\/www.sudoestehoje.com.br\/novoportal\/wp-content\/uploads\/2021\/03\/vila-aurora.jpeg 1280w\" sizes=\"auto, (max-width: 500px) 100vw, 500px\" \/><\/a><\/p>\n<p>Tramita na C\u00e2mara de Vereadores, o Projeto de Lei n\u00ba001\/2021, que autoriza o Poder Executivo Municipal a abrir Cr\u00e9dito Adicional especial, no valor de R$ 122.134,31, para serem aplicados em investimentos na infraestrutura do munic\u00edpio.<\/p>\n<p>os recursos s\u00e3o oriundos do pr\u00e9-sal e j\u00e1 est\u00e3o \u00e0 disposi\u00e7\u00e3o do munic\u00edpio, restando, apenas, a autoriza\u00e7\u00e3o legislativa para sua aplica\u00e7\u00e3o.<\/p>\n<p>De acordo com o secret\u00e1rio da Infraestrutura do Munic\u00edpio, Gustavo David, os bairros a serem beneficiados com esses recursos s\u00e3o a Vila Aurora e Cidade Jardim, que receber\u00e3o pavimenta\u00e7\u00e3o asf\u00e1ltica nas principais ruas.<\/p>\n<p><a href=\"https:\/\/www.sudoestehoje.com.br\/novoportal\/wp-content\/uploads\/2021\/03\/cidade-jardim.jpeg\"><img loading=\"lazy\" decoding=\"async\" class=\"aligncenter size-medium wp-image-93714\" src=\"https:\/\/www.sudoestehoje.com.br\/novoportal\/wp-content\/uploads\/2021\/03\/cidade-jardim-500x375.jpeg\" alt=\"\" width=\"500\" height=\"375\" srcset=\"https:\/\/www.sudoestehoje.com.br\/novoportal\/wp-content\/uploads\/2021\/03\/cidade-jardim-500x375.jpeg 500w, https:\/\/www.sudoestehoje.com.br\/novoportal\/wp-content\/uploads\/2021\/03\/cidade-jardim-700x525.jpeg 700w, https:\/\/www.sudoestehoje.com.br\/novoportal\/wp-content\/uploads\/2021\/03\/cidade-jardim-768x576.jpeg 768w, https:\/\/www.sudoestehoje.com.br\/novoportal\/wp-content\/uploads\/2021\/03\/cidade-jardim.jpeg 1280w\" sizes=\"auto, (max-width: 500px) 100vw, 500px\" \/><\/a><\/p>\n<p>Na c\u00e2mara de vereadores, o clima \u00e9 de otimismo em rela\u00e7\u00e3o ao projeto, que dever\u00e1 ser discutido e votado nas pr\u00f3ximas sess\u00f5es, sem qualquer entraves por parte dos vereadores.<\/p>\n<p><strong><em>Por Davi Ferraz<\/em><\/strong><\/p>\n","protected":false},"excerpt":{"rendered":"<p>Tramita na C\u00e2mara de Vereadores, o Projeto de Lei n\u00ba001\/2021, que autoriza o Poder Executivo Municipal a abrir Cr\u00e9dito Adicional especial, no valor de R$ 122.134,31, para serem aplicados em investimentos na infraestrutura do munic\u00edpio. os recursos s\u00e3o oriundos do pr\u00e9-sal e j\u00e1 est\u00e3o \u00e0 disposi\u00e7\u00e3o do munic\u00edpio, restando, apenas, a autoriza\u00e7\u00e3o legislativa para sua [&hellip;]<\/p>\n","protected":false},"author":2,"featured_media":93713,"comment_status":"open","ping_status":"open","sticky":false,"template":"","format":"standard","meta":{"footnotes":"","_links_to":"","_links_to_target":""},"categories":[1],"tags":[],"class_list":["post-93711","post","type-post","status-publish","format-standard","has-post-thumbnail","hentry","category-geral"],"views":1642,"_links":{"self":[{"href":"https:\/\/www.sudoestehoje.com.br\/novoportal\/wp-json\/wp\/v2\/posts\/93711","targetHints":{"allow":["GET"]}}],"collection":[{"href":"https:\/\/www.sudoestehoje.com.br\/novoportal\/wp-json\/wp\/v2\/posts"}],"about":[{"href":"https:\/\/www.sudoestehoje.com.br\/novoportal\/wp-json\/wp\/v2\/types\/post"}],"author":[{"embeddable":true,"href":"https:\/\/www.sudoestehoje.com.br\/novoportal\/wp-json\/wp\/v2\/users\/2"}],"replies":[{"embeddable":true,"href":"https:\/\/www.sudoestehoje.com.br\/novoportal\/wp-json\/wp\/v2\/comments?post=93711"}],"version-history":[{"count":3,"href":"https:\/\/www.sudoestehoje.com.br\/novoportal\/wp-json\/wp\/v2\/posts\/93711\/revisions"}],"predecessor-version":[{"id":93716,"href":"https:\/\/www.sudoestehoje.com.br\/novoportal\/wp-json\/wp\/v2\/posts\/93711\/revisions\/93716"}],"wp:featuredmedia":[{"embeddable":true,"href":"https:\/\/www.sudoestehoje.com.br\/novoportal\/wp-json\/wp\/v2\/media\/93713"}],"wp:attachment":[{"href":"https:\/\/www.sudoestehoje.com.br\/novoportal\/wp-json\/wp\/v2\/media?parent=93711"}],"wp:term":[{"taxonomy":"category","embeddable":true,"href":"https:\/\/www.sudoestehoje.com.br\/novoportal\/wp-json\/wp\/v2\/categories?post=93711"},{"taxonomy":"post_tag","embeddable":true,"href":"https:\/\/www.sudoestehoje.com.br\/novoportal\/wp-json\/wp\/v2\/tags?post=93711"}],"curies":[{"name":"wp","href":"https:\/\/api.w.org\/{rel}","templated":true}]}}