
{"id":93694,"date":"2021-03-13T17:43:37","date_gmt":"2021-03-13T20:43:37","guid":{"rendered":"https:\/\/www.sudoestehoje.com.br\/novoportal\/?p=93694"},"modified":"2021-03-13T17:43:37","modified_gmt":"2021-03-13T20:43:37","slug":"morte-de-dica-vostal-entristece-itapetinga","status":"publish","type":"post","link":"https:\/\/www.sudoestehoje.com.br\/novoportal\/2021\/03\/13\/morte-de-dica-vostal-entristece-itapetinga\/","title":{"rendered":"MORTE DE DICA VOSTAL ENTRISTECE ITAPETINGA"},"content":{"rendered":"<p><a href=\"https:\/\/www.sudoestehoje.com.br\/novoportal\/wp-content\/uploads\/2021\/03\/dica.jpeg\"><img loading=\"lazy\" decoding=\"async\" class=\"aligncenter size-medium wp-image-93696\" src=\"https:\/\/www.sudoestehoje.com.br\/novoportal\/wp-content\/uploads\/2021\/03\/dica-500x375.jpeg\" alt=\"\" width=\"500\" height=\"375\" srcset=\"https:\/\/www.sudoestehoje.com.br\/novoportal\/wp-content\/uploads\/2021\/03\/dica-500x375.jpeg 500w, https:\/\/www.sudoestehoje.com.br\/novoportal\/wp-content\/uploads\/2021\/03\/dica-700x525.jpeg 700w, https:\/\/www.sudoestehoje.com.br\/novoportal\/wp-content\/uploads\/2021\/03\/dica.jpeg 720w\" sizes=\"auto, (max-width: 500px) 100vw, 500px\" \/><\/a><\/p>\n<p>Causou grande tristeza \u00e0 comunidade itapetinguense a morte precoce do representante comercial Djalma Vostal, o nosso &#8216;Dica&#8217;, outra v\u00edtima da Covid-19, v\u00edrus que vem ceifando vidas mundo afora, h\u00e1 cerca de um ano.<\/p>\n<p>Dica estava em tratamento em uma unidade de UTI, em Vit\u00f3ria da Conquista, mas n\u00e3o resistiu e nos deixou na manh\u00e3 deste s\u00e1bado (13).<\/p>\n<p>O Sudoeste Hoje lamenta a perda de mais um amigo e reitera a necessidade do distanciamento social, uso sistem\u00e1tico de m\u00e1scaras e h\u00e1bitos de higiene, para evitar o cont\u00e1gio.<\/p>\n<p>\u00c0 fam\u00edlia de Dica, nossos sinceros sentimentos.<\/p>\n<p><strong><em>Davi Ferraz &#8211; Editor\u00a0<\/em><\/strong><\/p>\n","protected":false},"excerpt":{"rendered":"<p>Causou grande tristeza \u00e0 comunidade itapetinguense a morte precoce do representante comercial Djalma Vostal, o nosso &#8216;Dica&#8217;, outra v\u00edtima da Covid-19, v\u00edrus que vem ceifando vidas mundo afora, h\u00e1 cerca de um ano. Dica estava em tratamento em uma unidade de UTI, em Vit\u00f3ria da Conquista, mas n\u00e3o resistiu e nos deixou na manh\u00e3 deste [&hellip;]<\/p>\n","protected":false},"author":2,"featured_media":93696,"comment_status":"open","ping_status":"open","sticky":false,"template":"","format":"standard","meta":{"footnotes":"","_links_to":"","_links_to_target":""},"categories":[1],"tags":[],"class_list":["post-93694","post","type-post","status-publish","format-standard","has-post-thumbnail","hentry","category-geral"],"views":1794,"_links":{"self":[{"href":"https:\/\/www.sudoestehoje.com.br\/novoportal\/wp-json\/wp\/v2\/posts\/93694","targetHints":{"allow":["GET"]}}],"collection":[{"href":"https:\/\/www.sudoestehoje.com.br\/novoportal\/wp-json\/wp\/v2\/posts"}],"about":[{"href":"https:\/\/www.sudoestehoje.com.br\/novoportal\/wp-json\/wp\/v2\/types\/post"}],"author":[{"embeddable":true,"href":"https:\/\/www.sudoestehoje.com.br\/novoportal\/wp-json\/wp\/v2\/users\/2"}],"replies":[{"embeddable":true,"href":"https:\/\/www.sudoestehoje.com.br\/novoportal\/wp-json\/wp\/v2\/comments?post=93694"}],"version-history":[{"count":3,"href":"https:\/\/www.sudoestehoje.com.br\/novoportal\/wp-json\/wp\/v2\/posts\/93694\/revisions"}],"predecessor-version":[{"id":93698,"href":"https:\/\/www.sudoestehoje.com.br\/novoportal\/wp-json\/wp\/v2\/posts\/93694\/revisions\/93698"}],"wp:featuredmedia":[{"embeddable":true,"href":"https:\/\/www.sudoestehoje.com.br\/novoportal\/wp-json\/wp\/v2\/media\/93696"}],"wp:attachment":[{"href":"https:\/\/www.sudoestehoje.com.br\/novoportal\/wp-json\/wp\/v2\/media?parent=93694"}],"wp:term":[{"taxonomy":"category","embeddable":true,"href":"https:\/\/www.sudoestehoje.com.br\/novoportal\/wp-json\/wp\/v2\/categories?post=93694"},{"taxonomy":"post_tag","embeddable":true,"href":"https:\/\/www.sudoestehoje.com.br\/novoportal\/wp-json\/wp\/v2\/tags?post=93694"}],"curies":[{"name":"wp","href":"https:\/\/api.w.org\/{rel}","templated":true}]}}