
{"id":93690,"date":"2021-03-13T00:48:55","date_gmt":"2021-03-13T03:48:55","guid":{"rendered":"https:\/\/www.sudoestehoje.com.br\/novoportal\/?p=93690"},"modified":"2021-03-13T00:48:55","modified_gmt":"2021-03-13T03:48:55","slug":"prefeitura-prepara-gripario-municipal","status":"publish","type":"post","link":"https:\/\/www.sudoestehoje.com.br\/novoportal\/2021\/03\/13\/prefeitura-prepara-gripario-municipal\/","title":{"rendered":"PREFEITURA PREPARA GRIP\u00c1RIO MUNICIPAL"},"content":{"rendered":"<p><a href=\"https:\/\/www.sudoestehoje.com.br\/novoportal\/wp-content\/uploads\/2021\/03\/GRIPARIO.jpeg\"><img loading=\"lazy\" decoding=\"async\" class=\"aligncenter size-medium wp-image-93692\" src=\"https:\/\/www.sudoestehoje.com.br\/novoportal\/wp-content\/uploads\/2021\/03\/GRIPARIO-500x333.jpeg\" alt=\"\" width=\"500\" height=\"333\" srcset=\"https:\/\/www.sudoestehoje.com.br\/novoportal\/wp-content\/uploads\/2021\/03\/GRIPARIO-500x333.jpeg 500w, https:\/\/www.sudoestehoje.com.br\/novoportal\/wp-content\/uploads\/2021\/03\/GRIPARIO-700x467.jpeg 700w, https:\/\/www.sudoestehoje.com.br\/novoportal\/wp-content\/uploads\/2021\/03\/GRIPARIO-768x512.jpeg 768w, https:\/\/www.sudoestehoje.com.br\/novoportal\/wp-content\/uploads\/2021\/03\/GRIPARIO.jpeg 990w\" sizes=\"auto, (max-width: 500px) 100vw, 500px\" \/><\/a><\/p>\n<p>A prefeitura de Itapetinga vai instalar uma unidade exclusiva para pacientes com s\u00edndromes gripais. No posto Orf\u00edsia Andrade (bairro S\u00e3o Francisco), um grip\u00e1rio ser\u00e1 montado e come\u00e7ar\u00e1 a atender a popula\u00e7\u00e3o a partir da pr\u00f3xima semana.<\/p>\n<p>Segundo a prefeitura, a estrutura funcionar\u00e1 de segunda a sexta, pela manh\u00e3 e \u00e0 tarde com o intuito de atender e medicar pacientes com sintomas gripais leves no in\u00edcio da doen\u00e7a. \u201cMontamos uma equipe com m\u00e9dicos, enfermeiros, t\u00e9cnicos e toda equipe covid que j\u00e1 vem atuando nesse per\u00edodo de pandemia. Al\u00e9m disso, uma infectologista vai montar um protocolo de tratamento e acompanhar os casos mais acentuados\u201d, explicou o secret\u00e1rio de sa\u00fade Hugo Sousa.<\/p>\n<p>O grip\u00e1rio vai complementar a rede tempor\u00e1ria de cuidados contra a Covid e busca desafogar a UPA que tem atendido, muitas vezes, em sua capacidade m\u00e1xima. Assim, os pacientes em in\u00edcio dos sintomas leves n\u00e3o precisar\u00e3o buscar a Unidade de Pronto Atendimento e receber\u00e3o tratamento espec\u00edfico que poder\u00e1 evitar o agravamento da doen\u00e7a.<\/p>\n","protected":false},"excerpt":{"rendered":"<p>A prefeitura de Itapetinga vai instalar uma unidade exclusiva para pacientes com s\u00edndromes gripais. No posto Orf\u00edsia Andrade (bairro S\u00e3o Francisco), um grip\u00e1rio ser\u00e1 montado e come\u00e7ar\u00e1 a atender a popula\u00e7\u00e3o a partir da pr\u00f3xima semana. Segundo a prefeitura, a estrutura funcionar\u00e1 de segunda a sexta, pela manh\u00e3 e \u00e0 tarde com o intuito de [&hellip;]<\/p>\n","protected":false},"author":2,"featured_media":93692,"comment_status":"open","ping_status":"open","sticky":false,"template":"","format":"standard","meta":{"footnotes":"","_links_to":"","_links_to_target":""},"categories":[1],"tags":[],"class_list":["post-93690","post","type-post","status-publish","format-standard","has-post-thumbnail","hentry","category-geral"],"views":1396,"_links":{"self":[{"href":"https:\/\/www.sudoestehoje.com.br\/novoportal\/wp-json\/wp\/v2\/posts\/93690","targetHints":{"allow":["GET"]}}],"collection":[{"href":"https:\/\/www.sudoestehoje.com.br\/novoportal\/wp-json\/wp\/v2\/posts"}],"about":[{"href":"https:\/\/www.sudoestehoje.com.br\/novoportal\/wp-json\/wp\/v2\/types\/post"}],"author":[{"embeddable":true,"href":"https:\/\/www.sudoestehoje.com.br\/novoportal\/wp-json\/wp\/v2\/users\/2"}],"replies":[{"embeddable":true,"href":"https:\/\/www.sudoestehoje.com.br\/novoportal\/wp-json\/wp\/v2\/comments?post=93690"}],"version-history":[{"count":2,"href":"https:\/\/www.sudoestehoje.com.br\/novoportal\/wp-json\/wp\/v2\/posts\/93690\/revisions"}],"predecessor-version":[{"id":93693,"href":"https:\/\/www.sudoestehoje.com.br\/novoportal\/wp-json\/wp\/v2\/posts\/93690\/revisions\/93693"}],"wp:featuredmedia":[{"embeddable":true,"href":"https:\/\/www.sudoestehoje.com.br\/novoportal\/wp-json\/wp\/v2\/media\/93692"}],"wp:attachment":[{"href":"https:\/\/www.sudoestehoje.com.br\/novoportal\/wp-json\/wp\/v2\/media?parent=93690"}],"wp:term":[{"taxonomy":"category","embeddable":true,"href":"https:\/\/www.sudoestehoje.com.br\/novoportal\/wp-json\/wp\/v2\/categories?post=93690"},{"taxonomy":"post_tag","embeddable":true,"href":"https:\/\/www.sudoestehoje.com.br\/novoportal\/wp-json\/wp\/v2\/tags?post=93690"}],"curies":[{"name":"wp","href":"https:\/\/api.w.org\/{rel}","templated":true}]}}