
{"id":93682,"date":"2021-03-12T18:53:52","date_gmt":"2021-03-12T21:53:52","guid":{"rendered":"https:\/\/www.sudoestehoje.com.br\/novoportal\/?p=93682"},"modified":"2021-03-12T19:01:56","modified_gmt":"2021-03-12T22:01:56","slug":"itabuna-pm-suspeito-de-matar-servidor-do-detran-e-preso-em-lauro-de-freitas","status":"publish","type":"post","link":"https:\/\/www.sudoestehoje.com.br\/novoportal\/2021\/03\/12\/itabuna-pm-suspeito-de-matar-servidor-do-detran-e-preso-em-lauro-de-freitas\/","title":{"rendered":"ITABUNA: PM SUSPEITO DE MATAR SERVIDOR DO DETRAN \u00c9 PRESO EM LAURO DE FREITAS"},"content":{"rendered":"<p><a href=\"https:\/\/www.sudoestehoje.com.br\/novoportal\/wp-content\/uploads\/2021\/03\/PM.png\"><img loading=\"lazy\" decoding=\"async\" class=\"aligncenter size-medium wp-image-93686\" src=\"https:\/\/www.sudoestehoje.com.br\/novoportal\/wp-content\/uploads\/2021\/03\/PM-500x320.png\" alt=\"\" width=\"500\" height=\"320\" srcset=\"https:\/\/www.sudoestehoje.com.br\/novoportal\/wp-content\/uploads\/2021\/03\/PM-500x320.png 500w, https:\/\/www.sudoestehoje.com.br\/novoportal\/wp-content\/uploads\/2021\/03\/PM-700x448.png 700w, https:\/\/www.sudoestehoje.com.br\/novoportal\/wp-content\/uploads\/2021\/03\/PM-768x492.png 768w, https:\/\/www.sudoestehoje.com.br\/novoportal\/wp-content\/uploads\/2021\/03\/PM.png 1200w\" sizes=\"auto, (max-width: 500px) 100vw, 500px\" \/><\/a><\/p>\n<p>Um soldado da Pol\u00edcia Militar da Bahia, acusado de atuar no homic\u00eddio do coordenador da 5\u00aa Circunscri\u00e7\u00e3o Regional de Tr\u00e2nsito (Ciretran) de Itabuna, em fevereiro deste ano (<a href=\"https:\/\/www.bahianoticias.com.br\/municipios\/noticia\/24575-coordenador-da-5-ciretran-de-itabuna-e-morto-a-tiros.html\" target=\"_blank\" rel=\"noopener noreferrer\">lembre aqui<\/a>), foi preso nesta quinta-feira (11) na cidade de Lauro de Freitas, na Regi\u00e3o Metropolitana de Salvador (RMS).<\/p>\n<p>De acordo com a Pol\u00edcia Civil (PC), o soldado se apresentou no Batalh\u00e3o de Choque, em Lauro, \u00e9 suspeito de ter participado do homic\u00eddio de Pablo Matos Barros.<\/p>\n<p>O soldado \u00e9 a segunda pessoa capturada por envolvimento no crime. A primeira, respons\u00e1vel por informar os autores do delito sobre os passos da v\u00edtima, foi presa no dia 2 deste m\u00eas. O suspeito de ser o executor do homic\u00eddio, que \u00e9 PM, j\u00e1 teve o mandado de pris\u00e3o expedido.<\/p>\n<p><a href=\"https:\/\/www.sudoestehoje.com.br\/novoportal\/wp-content\/uploads\/2021\/03\/PABLO-DETRAN.jpg\"><img loading=\"lazy\" decoding=\"async\" class=\"aligncenter size-medium wp-image-93687\" src=\"https:\/\/www.sudoestehoje.com.br\/novoportal\/wp-content\/uploads\/2021\/03\/PABLO-DETRAN-500x375.jpg\" alt=\"\" width=\"500\" height=\"375\" srcset=\"https:\/\/www.sudoestehoje.com.br\/novoportal\/wp-content\/uploads\/2021\/03\/PABLO-DETRAN-500x375.jpg 500w, https:\/\/www.sudoestehoje.com.br\/novoportal\/wp-content\/uploads\/2021\/03\/PABLO-DETRAN.jpg 555w\" sizes=\"auto, (max-width: 500px) 100vw, 500px\" \/><\/a><\/p>\n<p>De acordo com as investiga\u00e7\u00f5es da 6\u00aa Coordenadoria Regional de Pol\u00edcia do Interior (Coorpin) e da Delegacia de Homic\u00eddios de Itabuna, a motiva\u00e7\u00e3o do crime foi uma d\u00edvida contra\u00edda pela v\u00edtima com propriet\u00e1rios de m\u00e1quinas ca\u00e7a-n\u00edqueis. <em>\/\/Bahia Not\u00edcias<\/em><\/p>\n","protected":false},"excerpt":{"rendered":"<p>Um soldado da Pol\u00edcia Militar da Bahia, acusado de atuar no homic\u00eddio do coordenador da 5\u00aa Circunscri\u00e7\u00e3o Regional de Tr\u00e2nsito (Ciretran) de Itabuna, em fevereiro deste ano (lembre aqui), foi preso nesta quinta-feira (11) na cidade de Lauro de Freitas, na Regi\u00e3o Metropolitana de Salvador (RMS). De acordo com a Pol\u00edcia Civil (PC), o soldado [&hellip;]<\/p>\n","protected":false},"author":2,"featured_media":93687,"comment_status":"open","ping_status":"open","sticky":false,"template":"","format":"standard","meta":{"footnotes":"","_links_to":"","_links_to_target":""},"categories":[1],"tags":[],"class_list":["post-93682","post","type-post","status-publish","format-standard","has-post-thumbnail","hentry","category-geral"],"views":1269,"_links":{"self":[{"href":"https:\/\/www.sudoestehoje.com.br\/novoportal\/wp-json\/wp\/v2\/posts\/93682","targetHints":{"allow":["GET"]}}],"collection":[{"href":"https:\/\/www.sudoestehoje.com.br\/novoportal\/wp-json\/wp\/v2\/posts"}],"about":[{"href":"https:\/\/www.sudoestehoje.com.br\/novoportal\/wp-json\/wp\/v2\/types\/post"}],"author":[{"embeddable":true,"href":"https:\/\/www.sudoestehoje.com.br\/novoportal\/wp-json\/wp\/v2\/users\/2"}],"replies":[{"embeddable":true,"href":"https:\/\/www.sudoestehoje.com.br\/novoportal\/wp-json\/wp\/v2\/comments?post=93682"}],"version-history":[{"count":5,"href":"https:\/\/www.sudoestehoje.com.br\/novoportal\/wp-json\/wp\/v2\/posts\/93682\/revisions"}],"predecessor-version":[{"id":93689,"href":"https:\/\/www.sudoestehoje.com.br\/novoportal\/wp-json\/wp\/v2\/posts\/93682\/revisions\/93689"}],"wp:featuredmedia":[{"embeddable":true,"href":"https:\/\/www.sudoestehoje.com.br\/novoportal\/wp-json\/wp\/v2\/media\/93687"}],"wp:attachment":[{"href":"https:\/\/www.sudoestehoje.com.br\/novoportal\/wp-json\/wp\/v2\/media?parent=93682"}],"wp:term":[{"taxonomy":"category","embeddable":true,"href":"https:\/\/www.sudoestehoje.com.br\/novoportal\/wp-json\/wp\/v2\/categories?post=93682"},{"taxonomy":"post_tag","embeddable":true,"href":"https:\/\/www.sudoestehoje.com.br\/novoportal\/wp-json\/wp\/v2\/tags?post=93682"}],"curies":[{"name":"wp","href":"https:\/\/api.w.org\/{rel}","templated":true}]}}