
{"id":93668,"date":"2021-03-11T21:05:47","date_gmt":"2021-03-12T00:05:47","guid":{"rendered":"https:\/\/www.sudoestehoje.com.br\/novoportal\/?p=93668"},"modified":"2021-03-11T21:06:45","modified_gmt":"2021-03-12T00:06:45","slug":"quase-28-mil-criancas-de-ate-9-anos-ja-foram-infectados-pela-covid19-na-bahia","status":"publish","type":"post","link":"https:\/\/www.sudoestehoje.com.br\/novoportal\/2021\/03\/11\/quase-28-mil-criancas-de-ate-9-anos-ja-foram-infectados-pela-covid19-na-bahia\/","title":{"rendered":"QUASE 28 MIL CRIAN\u00c7AS DE AT\u00c9 9 ANOS J\u00c1 FORAM INFECTADOS PELA COVID-19 NA BAHIA"},"content":{"rendered":"<p><a href=\"https:\/\/www.sudoestehoje.com.br\/novoportal\/wp-content\/uploads\/2021\/03\/csm_Crianca_0b0d4907f3.jpg\"><img loading=\"lazy\" decoding=\"async\" class=\"aligncenter size-medium wp-image-93669\" src=\"https:\/\/www.sudoestehoje.com.br\/novoportal\/wp-content\/uploads\/2021\/03\/csm_Crianca_0b0d4907f3-500x281.jpg\" alt=\"\" width=\"500\" height=\"281\" srcset=\"https:\/\/www.sudoestehoje.com.br\/novoportal\/wp-content\/uploads\/2021\/03\/csm_Crianca_0b0d4907f3-500x281.jpg 500w, https:\/\/www.sudoestehoje.com.br\/novoportal\/wp-content\/uploads\/2021\/03\/csm_Crianca_0b0d4907f3-700x394.jpg 700w, https:\/\/www.sudoestehoje.com.br\/novoportal\/wp-content\/uploads\/2021\/03\/csm_Crianca_0b0d4907f3-768x432.jpg 768w, https:\/\/www.sudoestehoje.com.br\/novoportal\/wp-content\/uploads\/2021\/03\/csm_Crianca_0b0d4907f3.jpg 940w\" sizes=\"auto, (max-width: 500px) 100vw, 500px\" \/><\/a><\/p>\n<p class=\"bodytext\">Antes diziam que a covid-19 era doen\u00e7a de idoso ou de quem tinha comorbidade. Agora, os n\u00fameros mostram que o v\u00edrus faz v\u00edtimas cada vez mais jovens. De acordo com o \u00faltimo boletim da Secretaria da Sa\u00fade do Estado (Sesab), at\u00e9 o momento, 27.934 crian\u00e7as testaram positivo para a covid-19 na Bahia, 48 delas morreram por conta da doen\u00e7a.<\/p>\n<p class=\"bodytext\">Engana-se, ainda, quem pensa que nos pequenos os sintomas s\u00e3o sempre mais leves. Ainda segundo a Sesab, nove pacientes mirins com o v\u00edrus estavam na fila da regula\u00e7\u00e3o aguardando leito de UTI pedi\u00e1trica, quatro delas em Salvador.<\/p>\n<p class=\"bodytext\">Dos infectados, os mais afetados s\u00e3o os pequenos de cinco a nove anos. S\u00e3o 12.632 crian\u00e7as dessa faixa et\u00e1ria que pegaram a covid-19. Logo depois vem aquelas entre um e quatro anos, com 10.098 casos no total. Por fim, 5.204 beb\u00eas de menos de um ano foram diagnosticados com a doen\u00e7a.<\/p>\n<p><span style=\"color: #0000ff;\"><a style=\"color: #0000ff;\" href=\"https:\/\/www.correio24horas.com.br\/noticia\/nid\/quase-28-mil-criancas-de-ate-nove-anos-foram-infectadas-pela-covid-19-na-bahia\/?fbclid=IwAR3nbSplqKsmET0T3RQm7YVhFYbGzSOUfhMowbtiQSByCkfSsi5DJTLFhvA\">LEIA MAT\u00c9RIA COMPLETA NO CORREIO<\/a><\/span><\/p>\n","protected":false},"excerpt":{"rendered":"<p>Antes diziam que a covid-19 era doen\u00e7a de idoso ou de quem tinha comorbidade. Agora, os n\u00fameros mostram que o v\u00edrus faz v\u00edtimas cada vez mais jovens. De acordo com o \u00faltimo boletim da Secretaria da Sa\u00fade do Estado (Sesab), at\u00e9 o momento, 27.934 crian\u00e7as testaram positivo para a covid-19 na Bahia, 48 delas morreram [&hellip;]<\/p>\n","protected":false},"author":2,"featured_media":93669,"comment_status":"open","ping_status":"open","sticky":false,"template":"","format":"standard","meta":{"footnotes":"","_links_to":"","_links_to_target":""},"categories":[1],"tags":[],"class_list":["post-93668","post","type-post","status-publish","format-standard","has-post-thumbnail","hentry","category-geral"],"views":1075,"_links":{"self":[{"href":"https:\/\/www.sudoestehoje.com.br\/novoportal\/wp-json\/wp\/v2\/posts\/93668","targetHints":{"allow":["GET"]}}],"collection":[{"href":"https:\/\/www.sudoestehoje.com.br\/novoportal\/wp-json\/wp\/v2\/posts"}],"about":[{"href":"https:\/\/www.sudoestehoje.com.br\/novoportal\/wp-json\/wp\/v2\/types\/post"}],"author":[{"embeddable":true,"href":"https:\/\/www.sudoestehoje.com.br\/novoportal\/wp-json\/wp\/v2\/users\/2"}],"replies":[{"embeddable":true,"href":"https:\/\/www.sudoestehoje.com.br\/novoportal\/wp-json\/wp\/v2\/comments?post=93668"}],"version-history":[{"count":3,"href":"https:\/\/www.sudoestehoje.com.br\/novoportal\/wp-json\/wp\/v2\/posts\/93668\/revisions"}],"predecessor-version":[{"id":93672,"href":"https:\/\/www.sudoestehoje.com.br\/novoportal\/wp-json\/wp\/v2\/posts\/93668\/revisions\/93672"}],"wp:featuredmedia":[{"embeddable":true,"href":"https:\/\/www.sudoestehoje.com.br\/novoportal\/wp-json\/wp\/v2\/media\/93669"}],"wp:attachment":[{"href":"https:\/\/www.sudoestehoje.com.br\/novoportal\/wp-json\/wp\/v2\/media?parent=93668"}],"wp:term":[{"taxonomy":"category","embeddable":true,"href":"https:\/\/www.sudoestehoje.com.br\/novoportal\/wp-json\/wp\/v2\/categories?post=93668"},{"taxonomy":"post_tag","embeddable":true,"href":"https:\/\/www.sudoestehoje.com.br\/novoportal\/wp-json\/wp\/v2\/tags?post=93668"}],"curies":[{"name":"wp","href":"https:\/\/api.w.org\/{rel}","templated":true}]}}