
{"id":93656,"date":"2021-03-11T19:32:57","date_gmt":"2021-03-11T22:32:57","guid":{"rendered":"https:\/\/www.sudoestehoje.com.br\/novoportal\/?p=93656"},"modified":"2021-03-11T19:38:11","modified_gmt":"2021-03-11T22:38:11","slug":"itapetinga-apos-vereador-e-servidor-testarem-positivo-camara-passa-por-sanitizacao","status":"publish","type":"post","link":"https:\/\/www.sudoestehoje.com.br\/novoportal\/2021\/03\/11\/itapetinga-apos-vereador-e-servidor-testarem-positivo-camara-passa-por-sanitizacao\/","title":{"rendered":"ITAPETINGA: AP\u00d3S VEREADOR E SERVIDOR TESTAREM POSITIVO, C\u00c2MARA PASSA POR SANITIZA\u00c7\u00c3O"},"content":{"rendered":"<p><a href=\"https:\/\/www.sudoestehoje.com.br\/novoportal\/wp-content\/uploads\/2021\/03\/DESINF-CAMARA-1.jpeg\"><img loading=\"lazy\" decoding=\"async\" class=\"aligncenter size-medium wp-image-93658\" src=\"https:\/\/www.sudoestehoje.com.br\/novoportal\/wp-content\/uploads\/2021\/03\/DESINF-CAMARA-1-500x281.jpeg\" alt=\"\" width=\"500\" height=\"281\" srcset=\"https:\/\/www.sudoestehoje.com.br\/novoportal\/wp-content\/uploads\/2021\/03\/DESINF-CAMARA-1-500x281.jpeg 500w, https:\/\/www.sudoestehoje.com.br\/novoportal\/wp-content\/uploads\/2021\/03\/DESINF-CAMARA-1-700x394.jpeg 700w, https:\/\/www.sudoestehoje.com.br\/novoportal\/wp-content\/uploads\/2021\/03\/DESINF-CAMARA-1-768x432.jpeg 768w, https:\/\/www.sudoestehoje.com.br\/novoportal\/wp-content\/uploads\/2021\/03\/DESINF-CAMARA-1.jpeg 1032w\" sizes=\"auto, (max-width: 500px) 100vw, 500px\" \/><\/a><\/p>\n<p>Na tarde desta quinta-feira (11), o pr\u00e9dio da C\u00e2mara Municipal de Itapetinga passa por uma a\u00e7\u00e3o de sanitiza\u00e7\u00e3o em combate \u00e0 Covid-19. Todos os setores est\u00e3o sendo desinfectados, refor\u00e7ando as medidas de higiene e seguran\u00e7a adotadas para proteger a sa\u00fade de vereadores, servidores e frequentadores da sede do Poder Legislativo Municipal.<\/p>\n<p>FECHA NA SEXTA E REABRE NA SEGUNDA<\/p>\n<p>Para evitar qualquer tipo de contamina\u00e7\u00e3o ou rea\u00e7\u00e3o al\u00e9rgica aos produtos, as atividades presenciais de sexta-feira (12) foram suspensas. Os trabalhos ser\u00e3o retomados na pr\u00f3xima segunda-feira (15).<\/p>\n<p><a href=\"https:\/\/www.sudoestehoje.com.br\/novoportal\/wp-content\/uploads\/2021\/03\/DESINF-CAMARA.jpeg\"><img loading=\"lazy\" decoding=\"async\" class=\"aligncenter size-medium wp-image-93661\" src=\"https:\/\/www.sudoestehoje.com.br\/novoportal\/wp-content\/uploads\/2021\/03\/DESINF-CAMARA-500x281.jpeg\" alt=\"\" width=\"500\" height=\"281\" srcset=\"https:\/\/www.sudoestehoje.com.br\/novoportal\/wp-content\/uploads\/2021\/03\/DESINF-CAMARA-500x281.jpeg 500w, https:\/\/www.sudoestehoje.com.br\/novoportal\/wp-content\/uploads\/2021\/03\/DESINF-CAMARA-700x394.jpeg 700w, https:\/\/www.sudoestehoje.com.br\/novoportal\/wp-content\/uploads\/2021\/03\/DESINF-CAMARA-768x432.jpeg 768w, https:\/\/www.sudoestehoje.com.br\/novoportal\/wp-content\/uploads\/2021\/03\/DESINF-CAMARA.jpeg 1032w\" sizes=\"auto, (max-width: 500px) 100vw, 500px\" \/><\/a><\/p>\n<p>A desinfec\u00e7\u00e3o de superf\u00edcies e ambientes tem sido uma das provid\u00eancias tomadas pela C\u00e2mara de Vereadores desde o in\u00edcio da pandemia com o objetivo de prevenir o cont\u00e1gio e a propaga\u00e7\u00e3o da doen\u00e7a causada pelo novo coronav\u00edrus.<\/p>\n","protected":false},"excerpt":{"rendered":"<p>Na tarde desta quinta-feira (11), o pr\u00e9dio da C\u00e2mara Municipal de Itapetinga passa por uma a\u00e7\u00e3o de sanitiza\u00e7\u00e3o em combate \u00e0 Covid-19. Todos os setores est\u00e3o sendo desinfectados, refor\u00e7ando as medidas de higiene e seguran\u00e7a adotadas para proteger a sa\u00fade de vereadores, servidores e frequentadores da sede do Poder Legislativo Municipal. FECHA NA SEXTA E [&hellip;]<\/p>\n","protected":false},"author":2,"featured_media":93658,"comment_status":"open","ping_status":"open","sticky":false,"template":"","format":"standard","meta":{"footnotes":"","_links_to":"","_links_to_target":""},"categories":[1],"tags":[],"class_list":["post-93656","post","type-post","status-publish","format-standard","has-post-thumbnail","hentry","category-geral"],"views":1002,"_links":{"self":[{"href":"https:\/\/www.sudoestehoje.com.br\/novoportal\/wp-json\/wp\/v2\/posts\/93656","targetHints":{"allow":["GET"]}}],"collection":[{"href":"https:\/\/www.sudoestehoje.com.br\/novoportal\/wp-json\/wp\/v2\/posts"}],"about":[{"href":"https:\/\/www.sudoestehoje.com.br\/novoportal\/wp-json\/wp\/v2\/types\/post"}],"author":[{"embeddable":true,"href":"https:\/\/www.sudoestehoje.com.br\/novoportal\/wp-json\/wp\/v2\/users\/2"}],"replies":[{"embeddable":true,"href":"https:\/\/www.sudoestehoje.com.br\/novoportal\/wp-json\/wp\/v2\/comments?post=93656"}],"version-history":[{"count":4,"href":"https:\/\/www.sudoestehoje.com.br\/novoportal\/wp-json\/wp\/v2\/posts\/93656\/revisions"}],"predecessor-version":[{"id":93662,"href":"https:\/\/www.sudoestehoje.com.br\/novoportal\/wp-json\/wp\/v2\/posts\/93656\/revisions\/93662"}],"wp:featuredmedia":[{"embeddable":true,"href":"https:\/\/www.sudoestehoje.com.br\/novoportal\/wp-json\/wp\/v2\/media\/93658"}],"wp:attachment":[{"href":"https:\/\/www.sudoestehoje.com.br\/novoportal\/wp-json\/wp\/v2\/media?parent=93656"}],"wp:term":[{"taxonomy":"category","embeddable":true,"href":"https:\/\/www.sudoestehoje.com.br\/novoportal\/wp-json\/wp\/v2\/categories?post=93656"},{"taxonomy":"post_tag","embeddable":true,"href":"https:\/\/www.sudoestehoje.com.br\/novoportal\/wp-json\/wp\/v2\/tags?post=93656"}],"curies":[{"name":"wp","href":"https:\/\/api.w.org\/{rel}","templated":true}]}}