
{"id":93649,"date":"2021-03-11T09:34:13","date_gmt":"2021-03-11T12:34:13","guid":{"rendered":"https:\/\/www.sudoestehoje.com.br\/novoportal\/?p=93649"},"modified":"2021-03-11T09:34:13","modified_gmt":"2021-03-11T12:34:13","slug":"itapetinga-vacinacao-de-idosos-acima-de-75-anos-comeca-nesta-quinta","status":"publish","type":"post","link":"https:\/\/www.sudoestehoje.com.br\/novoportal\/2021\/03\/11\/itapetinga-vacinacao-de-idosos-acima-de-75-anos-comeca-nesta-quinta\/","title":{"rendered":"ITAPETINGA: VACINA\u00c7\u00c3O DE IDOSOS ACIMA DE 75 ANOS COME\u00c7A NESTA QUINTA"},"content":{"rendered":"<p><a href=\"https:\/\/www.sudoestehoje.com.br\/novoportal\/wp-content\/uploads\/2021\/03\/VACINA-75.jpeg\"><img loading=\"lazy\" decoding=\"async\" class=\"aligncenter size-medium wp-image-93650\" src=\"https:\/\/www.sudoestehoje.com.br\/novoportal\/wp-content\/uploads\/2021\/03\/VACINA-75-500x625.jpeg\" alt=\"\" width=\"500\" height=\"625\" srcset=\"https:\/\/www.sudoestehoje.com.br\/novoportal\/wp-content\/uploads\/2021\/03\/VACINA-75-500x625.jpeg 500w, https:\/\/www.sudoestehoje.com.br\/novoportal\/wp-content\/uploads\/2021\/03\/VACINA-75-700x875.jpeg 700w, https:\/\/www.sudoestehoje.com.br\/novoportal\/wp-content\/uploads\/2021\/03\/VACINA-75-768x960.jpeg 768w, https:\/\/www.sudoestehoje.com.br\/novoportal\/wp-content\/uploads\/2021\/03\/VACINA-75.jpeg 990w\" sizes=\"auto, (max-width: 500px) 100vw, 500px\" \/><\/a><\/p>\n<p>Ap\u00f3s a chegada de mais um lote da vacina Coronavac, a prefeitura inicia nova etapa de vacina\u00e7\u00e3o contra Covid-19. Agora, idosos acima de 75 anos poder\u00e3o ser imunizados nos postos de sa\u00fade municipais.<\/p>\n<p>Ao todo, Itapetinga recebeu, nesta quarta-feira, 10, mais 1000 doses que ser\u00e3o divididas para completar a imuniza\u00e7\u00e3o dos idosos acima de 80 anos e para dar in\u00edcio \u00e0 vacina\u00e7\u00e3o dos idosos de 75 a 79 anos. Parte deste lote tamb\u00e9m ser\u00e1 destinado a imuniza\u00e7\u00e3o dos profissionais de sa\u00fade.<\/p>\n<p>Para organizar a campanha e evitar aglomera\u00e7\u00e3o, a Secretaria de sa\u00fade dividiu os grupos assim, todos aqueles acima de 75 anos devem optar pelos postos da Vila Riach\u00e3o, Nova Itapetinga, Clodoaldo Costa ou ainda nas unidades Guilherme Dias, Idal\u00e9cio Andrade, Orf\u00edsia Andrade.<\/p>\n<p>Profissionais de sa\u00fade que receber\u00e3o tanto a primeira quanto a segunda dose da coronavac devem se encaminhar \u00e0 Unidade de Sa\u00fade Arnaldo Teixeira.<\/p>\n<p>\u201cUm novo lote de vacinas \u00e9 sempre mais um passo na batalha contra o coronav\u00edrus, mas a gente precisa lembrar que a caminhada ainda \u00e9 muito longa, que a campanha est\u00e1 sendo lenta, pouca gente est\u00e1 imunizada e estamos em um momento cr\u00edtico da pandemia. Por isso refor\u00e7amos sempre a necessidade de se manter os cuidados b\u00e1sicos: usem m\u00e1scara e \u00e1lcool 70% e evitem ao m\u00e1ximo aglomera\u00e7\u00f5es\u201d, disse o secret\u00e1rio de sa\u00fade Hugo Sousa.<\/p>\n","protected":false},"excerpt":{"rendered":"<p>Ap\u00f3s a chegada de mais um lote da vacina Coronavac, a prefeitura inicia nova etapa de vacina\u00e7\u00e3o contra Covid-19. Agora, idosos acima de 75 anos poder\u00e3o ser imunizados nos postos de sa\u00fade municipais. Ao todo, Itapetinga recebeu, nesta quarta-feira, 10, mais 1000 doses que ser\u00e3o divididas para completar a imuniza\u00e7\u00e3o dos idosos acima de 80 [&hellip;]<\/p>\n","protected":false},"author":2,"featured_media":93650,"comment_status":"open","ping_status":"open","sticky":false,"template":"","format":"standard","meta":{"footnotes":"","_links_to":"","_links_to_target":""},"categories":[1],"tags":[],"class_list":["post-93649","post","type-post","status-publish","format-standard","has-post-thumbnail","hentry","category-geral"],"views":739,"_links":{"self":[{"href":"https:\/\/www.sudoestehoje.com.br\/novoportal\/wp-json\/wp\/v2\/posts\/93649","targetHints":{"allow":["GET"]}}],"collection":[{"href":"https:\/\/www.sudoestehoje.com.br\/novoportal\/wp-json\/wp\/v2\/posts"}],"about":[{"href":"https:\/\/www.sudoestehoje.com.br\/novoportal\/wp-json\/wp\/v2\/types\/post"}],"author":[{"embeddable":true,"href":"https:\/\/www.sudoestehoje.com.br\/novoportal\/wp-json\/wp\/v2\/users\/2"}],"replies":[{"embeddable":true,"href":"https:\/\/www.sudoestehoje.com.br\/novoportal\/wp-json\/wp\/v2\/comments?post=93649"}],"version-history":[{"count":1,"href":"https:\/\/www.sudoestehoje.com.br\/novoportal\/wp-json\/wp\/v2\/posts\/93649\/revisions"}],"predecessor-version":[{"id":93651,"href":"https:\/\/www.sudoestehoje.com.br\/novoportal\/wp-json\/wp\/v2\/posts\/93649\/revisions\/93651"}],"wp:featuredmedia":[{"embeddable":true,"href":"https:\/\/www.sudoestehoje.com.br\/novoportal\/wp-json\/wp\/v2\/media\/93650"}],"wp:attachment":[{"href":"https:\/\/www.sudoestehoje.com.br\/novoportal\/wp-json\/wp\/v2\/media?parent=93649"}],"wp:term":[{"taxonomy":"category","embeddable":true,"href":"https:\/\/www.sudoestehoje.com.br\/novoportal\/wp-json\/wp\/v2\/categories?post=93649"},{"taxonomy":"post_tag","embeddable":true,"href":"https:\/\/www.sudoestehoje.com.br\/novoportal\/wp-json\/wp\/v2\/tags?post=93649"}],"curies":[{"name":"wp","href":"https:\/\/api.w.org\/{rel}","templated":true}]}}