
{"id":93645,"date":"2021-03-11T08:14:50","date_gmt":"2021-03-11T11:14:50","guid":{"rendered":"https:\/\/www.sudoestehoje.com.br\/novoportal\/?p=93645"},"modified":"2021-03-11T08:45:54","modified_gmt":"2021-03-11T11:45:54","slug":"coronavirus-faz-mais-uma-vitima-jovem-em-itapetinga-nesta-quarta-feira","status":"publish","type":"post","link":"https:\/\/www.sudoestehoje.com.br\/novoportal\/2021\/03\/11\/coronavirus-faz-mais-uma-vitima-jovem-em-itapetinga-nesta-quarta-feira\/","title":{"rendered":"CORONAV\u00cdRUS FAZ MAIS UMA V\u00cdTIMA JOVEM EM ITAPETINGA, NESTA QUARTA-FEIRA"},"content":{"rendered":"<p><a href=\"https:\/\/www.sudoestehoje.com.br\/novoportal\/wp-content\/uploads\/2021\/03\/eder.jpeg\"><img loading=\"lazy\" decoding=\"async\" class=\"aligncenter size-medium wp-image-93646\" src=\"https:\/\/www.sudoestehoje.com.br\/novoportal\/wp-content\/uploads\/2021\/03\/eder-500x516.jpeg\" alt=\"\" width=\"500\" height=\"516\" srcset=\"https:\/\/www.sudoestehoje.com.br\/novoportal\/wp-content\/uploads\/2021\/03\/eder-500x516.jpeg 500w, https:\/\/www.sudoestehoje.com.br\/novoportal\/wp-content\/uploads\/2021\/03\/eder.jpeg 691w\" sizes=\"auto, (max-width: 500px) 100vw, 500px\" \/><\/a><\/p>\n<p><strong>Mais uma vitima jovem da Covid-19 foi registrada na noite desta quarta-feira (10), desta vez ceifando a vida do empres\u00e1rio de marketing digital, EDER SANTOS, propriet\u00e1rio da empresa Criattivus, morador de Itapetinga.<\/strong><\/p>\n<p><strong>Eder foi internado na UPA, h\u00e1 cerca de 10 dias, com sintomas da Covid-19, sendo encaminhado para uma unidade hospitalar em Vit\u00f3ria da Conquista, onde faleceu, aguardando uma UTI A\u00e9rea para ser transportado para Salvador, atrav\u00e9s de regula\u00e7\u00e3o da Sesab.<\/strong><\/p>\n<p><strong>Eder tinha apenas 38 anos e trabalhava da Escola Sossego da Mam\u00e3e, uma das mais tradicionais de Itapetinga e regi\u00e3o. Deixa esposa e filho.<\/strong><\/p>\n<p><strong>O Sudoeste Hoje lamenta a morte prematura do jovem empres\u00e1rio, estendendo o seu pesar aos familiares e amigos.<\/strong><\/p>\n<p><strong>Davi Ferraz &#8211; Editor<\/strong><\/p>\n","protected":false},"excerpt":{"rendered":"<p>Mais uma vitima jovem da Covid-19 foi registrada na noite desta quarta-feira (10), desta vez ceifando a vida do empres\u00e1rio de marketing digital, EDER SANTOS, propriet\u00e1rio da empresa Criattivus, morador de Itapetinga. Eder foi internado na UPA, h\u00e1 cerca de 10 dias, com sintomas da Covid-19, sendo encaminhado para uma unidade hospitalar em Vit\u00f3ria da [&hellip;]<\/p>\n","protected":false},"author":2,"featured_media":93646,"comment_status":"open","ping_status":"open","sticky":false,"template":"","format":"standard","meta":{"footnotes":"","_links_to":"","_links_to_target":""},"categories":[1],"tags":[],"class_list":["post-93645","post","type-post","status-publish","format-standard","has-post-thumbnail","hentry","category-geral"],"views":1957,"_links":{"self":[{"href":"https:\/\/www.sudoestehoje.com.br\/novoportal\/wp-json\/wp\/v2\/posts\/93645","targetHints":{"allow":["GET"]}}],"collection":[{"href":"https:\/\/www.sudoestehoje.com.br\/novoportal\/wp-json\/wp\/v2\/posts"}],"about":[{"href":"https:\/\/www.sudoestehoje.com.br\/novoportal\/wp-json\/wp\/v2\/types\/post"}],"author":[{"embeddable":true,"href":"https:\/\/www.sudoestehoje.com.br\/novoportal\/wp-json\/wp\/v2\/users\/2"}],"replies":[{"embeddable":true,"href":"https:\/\/www.sudoestehoje.com.br\/novoportal\/wp-json\/wp\/v2\/comments?post=93645"}],"version-history":[{"count":2,"href":"https:\/\/www.sudoestehoje.com.br\/novoportal\/wp-json\/wp\/v2\/posts\/93645\/revisions"}],"predecessor-version":[{"id":93648,"href":"https:\/\/www.sudoestehoje.com.br\/novoportal\/wp-json\/wp\/v2\/posts\/93645\/revisions\/93648"}],"wp:featuredmedia":[{"embeddable":true,"href":"https:\/\/www.sudoestehoje.com.br\/novoportal\/wp-json\/wp\/v2\/media\/93646"}],"wp:attachment":[{"href":"https:\/\/www.sudoestehoje.com.br\/novoportal\/wp-json\/wp\/v2\/media?parent=93645"}],"wp:term":[{"taxonomy":"category","embeddable":true,"href":"https:\/\/www.sudoestehoje.com.br\/novoportal\/wp-json\/wp\/v2\/categories?post=93645"},{"taxonomy":"post_tag","embeddable":true,"href":"https:\/\/www.sudoestehoje.com.br\/novoportal\/wp-json\/wp\/v2\/tags?post=93645"}],"curies":[{"name":"wp","href":"https:\/\/api.w.org\/{rel}","templated":true}]}}