
{"id":93612,"date":"2021-03-09T22:05:34","date_gmt":"2021-03-10T01:05:34","guid":{"rendered":"https:\/\/www.sudoestehoje.com.br\/novoportal\/?p=93612"},"modified":"2021-03-09T22:05:34","modified_gmt":"2021-03-10T01:05:34","slug":"itapetinga-medidas-restritivas-do-governo-nao-impedem-avanco-da-covid-na-regiao","status":"publish","type":"post","link":"https:\/\/www.sudoestehoje.com.br\/novoportal\/2021\/03\/09\/itapetinga-medidas-restritivas-do-governo-nao-impedem-avanco-da-covid-na-regiao\/","title":{"rendered":"ITAPETINGA: MEDIDAS RESTRITIVAS DO GOVERNO N\u00c3O IMPEDEM AVAN\u00c7O DA COVID NA REGI\u00c3O"},"content":{"rendered":"<p><a href=\"https:\/\/www.sudoestehoje.com.br\/novoportal\/wp-content\/uploads\/2021\/03\/pra\u00e7a-AC.jpeg\"><img loading=\"lazy\" decoding=\"async\" class=\"aligncenter size-medium wp-image-93614\" src=\"https:\/\/www.sudoestehoje.com.br\/novoportal\/wp-content\/uploads\/2021\/03\/pra\u00e7a-AC-500x375.jpeg\" alt=\"\" width=\"500\" height=\"375\" srcset=\"https:\/\/www.sudoestehoje.com.br\/novoportal\/wp-content\/uploads\/2021\/03\/pra\u00e7a-AC-500x375.jpeg 500w, https:\/\/www.sudoestehoje.com.br\/novoportal\/wp-content\/uploads\/2021\/03\/pra\u00e7a-AC-700x525.jpeg 700w, https:\/\/www.sudoestehoje.com.br\/novoportal\/wp-content\/uploads\/2021\/03\/pra\u00e7a-AC-768x576.jpeg 768w, https:\/\/www.sudoestehoje.com.br\/novoportal\/wp-content\/uploads\/2021\/03\/pra\u00e7a-AC.jpeg 1280w\" sizes=\"auto, (max-width: 500px) 100vw, 500px\" \/><\/a><\/p>\n<p><strong>A julgar pelos n\u00fameros divulgados nos boletins epidemiol\u00f3gicos das prefeituras de Itapetinga e munic\u00edpios da regi\u00e3o, as medidas restritivas baixadas atrav\u00e9s dos sucessivos decretos do governador Rui Costa n\u00e3o surtiram efeito, at\u00e9 agora.<\/strong><\/p>\n<p><strong>Mesmo sob &#8216;toque de recolher&#8217; e &#8216;lockdown&#8217;, o avan\u00e7o do v\u00edrus chin\u00eas em Itapetinga \u00e9 alarmante e o n\u00famero de mortes nos \u00faltimos dias assusta.\u00a0<\/strong><\/p>\n<p><strong>Vale salientar que Itapetinga n\u00e3o disp\u00f5e de leitos de UTI para tratamento da Covid-19 e que todos os pacientes infectados t\u00eam que esperar regula\u00e7\u00e3o para Vit\u00f3ria da Conquista, onde as UTIs j\u00e1 est\u00e3o no limite.<\/strong><\/p>\n<p><strong>Estamos ferrados&#8230;<\/strong><\/p>\n<p><strong>Por Davi Ferraz\u00a0\u00a0<\/strong><\/p>\n","protected":false},"excerpt":{"rendered":"<p>A julgar pelos n\u00fameros divulgados nos boletins epidemiol\u00f3gicos das prefeituras de Itapetinga e munic\u00edpios da regi\u00e3o, as medidas restritivas baixadas atrav\u00e9s dos sucessivos decretos do governador Rui Costa n\u00e3o surtiram efeito, at\u00e9 agora. Mesmo sob &#8216;toque de recolher&#8217; e &#8216;lockdown&#8217;, o avan\u00e7o do v\u00edrus chin\u00eas em Itapetinga \u00e9 alarmante e o n\u00famero de mortes nos [&hellip;]<\/p>\n","protected":false},"author":2,"featured_media":93614,"comment_status":"open","ping_status":"open","sticky":false,"template":"","format":"standard","meta":{"footnotes":"","_links_to":"","_links_to_target":""},"categories":[1],"tags":[],"class_list":["post-93612","post","type-post","status-publish","format-standard","has-post-thumbnail","hentry","category-geral"],"views":1644,"_links":{"self":[{"href":"https:\/\/www.sudoestehoje.com.br\/novoportal\/wp-json\/wp\/v2\/posts\/93612","targetHints":{"allow":["GET"]}}],"collection":[{"href":"https:\/\/www.sudoestehoje.com.br\/novoportal\/wp-json\/wp\/v2\/posts"}],"about":[{"href":"https:\/\/www.sudoestehoje.com.br\/novoportal\/wp-json\/wp\/v2\/types\/post"}],"author":[{"embeddable":true,"href":"https:\/\/www.sudoestehoje.com.br\/novoportal\/wp-json\/wp\/v2\/users\/2"}],"replies":[{"embeddable":true,"href":"https:\/\/www.sudoestehoje.com.br\/novoportal\/wp-json\/wp\/v2\/comments?post=93612"}],"version-history":[{"count":3,"href":"https:\/\/www.sudoestehoje.com.br\/novoportal\/wp-json\/wp\/v2\/posts\/93612\/revisions"}],"predecessor-version":[{"id":93616,"href":"https:\/\/www.sudoestehoje.com.br\/novoportal\/wp-json\/wp\/v2\/posts\/93612\/revisions\/93616"}],"wp:featuredmedia":[{"embeddable":true,"href":"https:\/\/www.sudoestehoje.com.br\/novoportal\/wp-json\/wp\/v2\/media\/93614"}],"wp:attachment":[{"href":"https:\/\/www.sudoestehoje.com.br\/novoportal\/wp-json\/wp\/v2\/media?parent=93612"}],"wp:term":[{"taxonomy":"category","embeddable":true,"href":"https:\/\/www.sudoestehoje.com.br\/novoportal\/wp-json\/wp\/v2\/categories?post=93612"},{"taxonomy":"post_tag","embeddable":true,"href":"https:\/\/www.sudoestehoje.com.br\/novoportal\/wp-json\/wp\/v2\/tags?post=93612"}],"curies":[{"name":"wp","href":"https:\/\/api.w.org\/{rel}","templated":true}]}}