
{"id":93609,"date":"2021-03-09T21:32:08","date_gmt":"2021-03-10T00:32:08","guid":{"rendered":"https:\/\/www.sudoestehoje.com.br\/novoportal\/?p=93609"},"modified":"2021-03-09T21:32:08","modified_gmt":"2021-03-10T00:32:08","slug":"bahia-registra-4-650-novos-casos-de-covid-19-e-mais-103-obitos-pela-doenca","status":"publish","type":"post","link":"https:\/\/www.sudoestehoje.com.br\/novoportal\/2021\/03\/09\/bahia-registra-4-650-novos-casos-de-covid-19-e-mais-103-obitos-pela-doenca\/","title":{"rendered":"BAHIA REGISTRA 4.650 NOVOS CASOS DE COVID-19 E MAIS 103 \u00d3BITOS PELA DOEN\u00c7A"},"content":{"rendered":"<p><a href=\"https:\/\/www.sudoestehoje.com.br\/novoportal\/wp-content\/uploads\/2021\/03\/UTI-BAHIA.jpg\"><img loading=\"lazy\" decoding=\"async\" class=\"aligncenter size-medium wp-image-93610\" src=\"https:\/\/www.sudoestehoje.com.br\/novoportal\/wp-content\/uploads\/2021\/03\/UTI-BAHIA-500x300.jpg\" alt=\"\" width=\"500\" height=\"300\" srcset=\"https:\/\/www.sudoestehoje.com.br\/novoportal\/wp-content\/uploads\/2021\/03\/UTI-BAHIA-500x300.jpg 500w, https:\/\/www.sudoestehoje.com.br\/novoportal\/wp-content\/uploads\/2021\/03\/UTI-BAHIA.jpg 696w\" sizes=\"auto, (max-width: 500px) 100vw, 500px\" \/><\/a><\/p>\n<p>Na Bahia, nas \u00faltimas 24 horas, foram registrados <strong><em>4.650 casos<\/em><\/strong> de Covid-19 (taxa de crescimento de +0,6%) e 4.872 recuperados (+0,7%). Dos 720.068 casos confirmados desde o in\u00edcio da pandemia, 688.301 j\u00e1 s\u00e3o considerados recuperados, 19.032 encontram-se ativos e 12.735 tiveram \u00f3bito confirmado.<\/p>\n<p>O\u00a0<a href=\"http:\/\/www.saude.ba.gov.br\/wp-content\/uploads\/2021\/03\/Boletim-Infografico-09-03-2021.pdf\"><strong>boletim epidemiol\u00f3gico<\/strong><\/a>\u00a0contabiliza ainda 1.057.748 casos descartados e 169.193 em investiga\u00e7\u00e3o. Estes dados representam notifica\u00e7\u00f5es oficiais compiladas pelo Diretoria de Vigil\u00e2ncia Epidemiol\u00f3gica em Sa\u00fade da Bahia (Divep-BA), em conjunto com as vigil\u00e2ncias municipais e as bases de dados do Minist\u00e9rio da Sa\u00fade at\u00e9 as 17 horas desta ter\u00e7a-feira (9) Na Bahia, 43.818 profissionais da sa\u00fade foram confirmados para Covid-19. Para acessar o boletim completo,\u00a0<a href=\"http:\/\/www.saude.ba.gov.br\/wp-content\/uploads\/2021\/03\/BOLETIM_ELETRONICO_BAHIAN_350___09032021.pdf\"><strong>clique aqui<\/strong><\/a> .<\/p>\n<p>Hoje foram registradas<em><strong> 103 mortes<\/strong><\/em> e o n\u00famero total de \u00f3bitos por Covid-19 na Bahia desde o in\u00edcio da pandemia \u00e9 de 12.735, representando uma letalidade de 1,77%. Dentre os \u00f3bitos, 56,06% ocorreram no sexo masculino e 43,94% no sexo feminino. Em rela\u00e7\u00e3o ao quesito ra\u00e7a e cor, 54,94% corresponderam a parda, seguidos por branca com 20,81%, preta com 14,94%, amarela com 0,53%, ind\u00edgena com 0,15% e n\u00e3o h\u00e1 informa\u00e7\u00e3o em 8,62% dos \u00f3bitos. O percentual de casos com comorbidade foi de 69,80%, com maior percentual de doen\u00e7as card\u00edacas e cr\u00f4nicas (74,29%).<\/p>\n<p>A exist\u00eancia de registros tardios e\/ou ac\u00famulo de casos deve-se a sobrecarga das equipes de investiga\u00e7\u00e3o, pois h\u00e1 doen\u00e7as de notifica\u00e7\u00e3o compuls\u00f3ria para al\u00e9m da Covid-19. Outro motivo \u00e9 o aprofundamento das investiga\u00e7\u00f5es epidemiol\u00f3gicas por parte das vigil\u00e2ncias municipais e estadual a fim de evitar distor\u00e7\u00f5es ou equ\u00edvocos, como desconsiderar a causa do \u00f3bito um traumatismo craniano ou um c\u00e2ncer em est\u00e1gio terminal, ainda que a pessoa esteja infectada pelo coronav\u00edrus.<\/p>\n","protected":false},"excerpt":{"rendered":"<p>Na Bahia, nas \u00faltimas 24 horas, foram registrados 4.650 casos de Covid-19 (taxa de crescimento de +0,6%) e 4.872 recuperados (+0,7%). Dos 720.068 casos confirmados desde o in\u00edcio da pandemia, 688.301 j\u00e1 s\u00e3o considerados recuperados, 19.032 encontram-se ativos e 12.735 tiveram \u00f3bito confirmado. O\u00a0boletim epidemiol\u00f3gico\u00a0contabiliza ainda 1.057.748 casos descartados e 169.193 em investiga\u00e7\u00e3o. Estes dados [&hellip;]<\/p>\n","protected":false},"author":2,"featured_media":93610,"comment_status":"open","ping_status":"open","sticky":false,"template":"","format":"standard","meta":{"footnotes":"","_links_to":"","_links_to_target":""},"categories":[1],"tags":[],"class_list":["post-93609","post","type-post","status-publish","format-standard","has-post-thumbnail","hentry","category-geral"],"views":1014,"_links":{"self":[{"href":"https:\/\/www.sudoestehoje.com.br\/novoportal\/wp-json\/wp\/v2\/posts\/93609","targetHints":{"allow":["GET"]}}],"collection":[{"href":"https:\/\/www.sudoestehoje.com.br\/novoportal\/wp-json\/wp\/v2\/posts"}],"about":[{"href":"https:\/\/www.sudoestehoje.com.br\/novoportal\/wp-json\/wp\/v2\/types\/post"}],"author":[{"embeddable":true,"href":"https:\/\/www.sudoestehoje.com.br\/novoportal\/wp-json\/wp\/v2\/users\/2"}],"replies":[{"embeddable":true,"href":"https:\/\/www.sudoestehoje.com.br\/novoportal\/wp-json\/wp\/v2\/comments?post=93609"}],"version-history":[{"count":1,"href":"https:\/\/www.sudoestehoje.com.br\/novoportal\/wp-json\/wp\/v2\/posts\/93609\/revisions"}],"predecessor-version":[{"id":93611,"href":"https:\/\/www.sudoestehoje.com.br\/novoportal\/wp-json\/wp\/v2\/posts\/93609\/revisions\/93611"}],"wp:featuredmedia":[{"embeddable":true,"href":"https:\/\/www.sudoestehoje.com.br\/novoportal\/wp-json\/wp\/v2\/media\/93610"}],"wp:attachment":[{"href":"https:\/\/www.sudoestehoje.com.br\/novoportal\/wp-json\/wp\/v2\/media?parent=93609"}],"wp:term":[{"taxonomy":"category","embeddable":true,"href":"https:\/\/www.sudoestehoje.com.br\/novoportal\/wp-json\/wp\/v2\/categories?post=93609"},{"taxonomy":"post_tag","embeddable":true,"href":"https:\/\/www.sudoestehoje.com.br\/novoportal\/wp-json\/wp\/v2\/tags?post=93609"}],"curies":[{"name":"wp","href":"https:\/\/api.w.org\/{rel}","templated":true}]}}