
{"id":93606,"date":"2021-03-09T20:41:26","date_gmt":"2021-03-09T23:41:26","guid":{"rendered":"https:\/\/www.sudoestehoje.com.br\/novoportal\/?p=93606"},"modified":"2021-03-09T20:41:26","modified_gmt":"2021-03-09T23:41:26","slug":"funerarias-da-bahia-alertam-para-provavel-falta-de-caixoes-para-sepultamentos","status":"publish","type":"post","link":"https:\/\/www.sudoestehoje.com.br\/novoportal\/2021\/03\/09\/funerarias-da-bahia-alertam-para-provavel-falta-de-caixoes-para-sepultamentos\/","title":{"rendered":"FUNER\u00c1RIAS DA BAHIA ALERTAM PARA PROV\u00c1VEL FALTA DE CAIX\u00d5ES PARA SEPULTAMENTOS"},"content":{"rendered":"<p><a href=\"https:\/\/www.sudoestehoje.com.br\/novoportal\/wp-content\/uploads\/2021\/03\/10.jpg\"><img loading=\"lazy\" decoding=\"async\" class=\"aligncenter size-medium wp-image-93607\" src=\"https:\/\/www.sudoestehoje.com.br\/novoportal\/wp-content\/uploads\/2021\/03\/10-500x256.jpg\" alt=\"\" width=\"500\" height=\"256\" srcset=\"https:\/\/www.sudoestehoje.com.br\/novoportal\/wp-content\/uploads\/2021\/03\/10-500x256.jpg 500w, https:\/\/www.sudoestehoje.com.br\/novoportal\/wp-content\/uploads\/2021\/03\/10.jpg 625w\" sizes=\"auto, (max-width: 500px) 100vw, 500px\" \/><\/a><\/p>\n<p>&#8220;Vamos entrar em colapso&#8221;. \u00c9 o que conta Nelson Pitanga, dono de uma funer\u00e1ria no bairro do Barbalho, em Salvador, sobre o aumento de sepultamentos por causa da Covid-19. Ele relata que recebe um pedido de sepultamento de v\u00edtima da doen\u00e7a por dia, e que por isso, pode faltar caix\u00e3o.<\/p>\n<div class=\"mc-column content-text active-extra-styles \" data-block-type=\"unstyled\" data-block-weight=\"42\" data-block-id=\"4\">\n<p class=\"content-text__container \" data-track-category=\"Link no Texto\" data-track-links=\"\">\u201cDesde o in\u00edcio da pandemia, n\u00f3s come\u00e7amos a sentir essa diferen\u00e7a, inclusive com os fabricantes de urnas. Hoje a gente tem uma dificuldade muito grande. Eu fazia um pedido que chegava uma semana e hoje chega em um m\u00eas\u201d, relata Nelson.<\/p>\n<\/div>\n<div class=\"mc-column content-text active-extra-styles \" data-block-type=\"unstyled\" data-block-weight=\"62\" data-block-id=\"5\">\n<p class=\"content-text__container \" data-track-category=\"Link no Texto\" data-track-links=\"\">A Associa\u00e7\u00e3o dos Fabricantes de Urnas (Afub) emitiu um alerta nacional sobre a poss\u00edvel falta de caix\u00f5es se a demanda por enterros continuar crescendo, por causa da Covid-19. Em Salvador, de acordo com a Secretaria de Ordem P\u00fablica (Semop), foram feitos 108 sepultamentos por causa da doen\u00e7a em fevereiro. Em 1\u00ba de mar\u00e7o, foram 12 enterros de pessoas v\u00edtimas da doen\u00e7a.<\/p>\n<\/div>\n","protected":false},"excerpt":{"rendered":"<p>&#8220;Vamos entrar em colapso&#8221;. \u00c9 o que conta Nelson Pitanga, dono de uma funer\u00e1ria no bairro do Barbalho, em Salvador, sobre o aumento de sepultamentos por causa da Covid-19. Ele relata que recebe um pedido de sepultamento de v\u00edtima da doen\u00e7a por dia, e que por isso, pode faltar caix\u00e3o. \u201cDesde o in\u00edcio da pandemia, [&hellip;]<\/p>\n","protected":false},"author":2,"featured_media":93607,"comment_status":"open","ping_status":"open","sticky":false,"template":"","format":"standard","meta":{"footnotes":"","_links_to":"","_links_to_target":""},"categories":[1],"tags":[],"class_list":["post-93606","post","type-post","status-publish","format-standard","has-post-thumbnail","hentry","category-geral"],"views":1003,"_links":{"self":[{"href":"https:\/\/www.sudoestehoje.com.br\/novoportal\/wp-json\/wp\/v2\/posts\/93606","targetHints":{"allow":["GET"]}}],"collection":[{"href":"https:\/\/www.sudoestehoje.com.br\/novoportal\/wp-json\/wp\/v2\/posts"}],"about":[{"href":"https:\/\/www.sudoestehoje.com.br\/novoportal\/wp-json\/wp\/v2\/types\/post"}],"author":[{"embeddable":true,"href":"https:\/\/www.sudoestehoje.com.br\/novoportal\/wp-json\/wp\/v2\/users\/2"}],"replies":[{"embeddable":true,"href":"https:\/\/www.sudoestehoje.com.br\/novoportal\/wp-json\/wp\/v2\/comments?post=93606"}],"version-history":[{"count":1,"href":"https:\/\/www.sudoestehoje.com.br\/novoportal\/wp-json\/wp\/v2\/posts\/93606\/revisions"}],"predecessor-version":[{"id":93608,"href":"https:\/\/www.sudoestehoje.com.br\/novoportal\/wp-json\/wp\/v2\/posts\/93606\/revisions\/93608"}],"wp:featuredmedia":[{"embeddable":true,"href":"https:\/\/www.sudoestehoje.com.br\/novoportal\/wp-json\/wp\/v2\/media\/93607"}],"wp:attachment":[{"href":"https:\/\/www.sudoestehoje.com.br\/novoportal\/wp-json\/wp\/v2\/media?parent=93606"}],"wp:term":[{"taxonomy":"category","embeddable":true,"href":"https:\/\/www.sudoestehoje.com.br\/novoportal\/wp-json\/wp\/v2\/categories?post=93606"},{"taxonomy":"post_tag","embeddable":true,"href":"https:\/\/www.sudoestehoje.com.br\/novoportal\/wp-json\/wp\/v2\/tags?post=93606"}],"curies":[{"name":"wp","href":"https:\/\/api.w.org\/{rel}","templated":true}]}}