
{"id":93601,"date":"2021-03-08T21:42:58","date_gmt":"2021-03-09T00:42:58","guid":{"rendered":"https:\/\/www.sudoestehoje.com.br\/novoportal\/?p=93601"},"modified":"2021-03-08T21:42:58","modified_gmt":"2021-03-09T00:42:58","slug":"urgente-itapetinga-registra-3-mortes-por-covid-19-nas-ultimas-24-horas","status":"publish","type":"post","link":"https:\/\/www.sudoestehoje.com.br\/novoportal\/2021\/03\/08\/urgente-itapetinga-registra-3-mortes-por-covid-19-nas-ultimas-24-horas\/","title":{"rendered":"URGENTE: ITAPETINGA REGISTRA 3 MORTES POR COVID-19 NAS \u00daLTIMAS 24 HORAS"},"content":{"rendered":"<p><a href=\"https:\/\/www.sudoestehoje.com.br\/novoportal\/wp-content\/uploads\/2021\/03\/upa-1.jpeg\"><img loading=\"lazy\" decoding=\"async\" class=\"aligncenter size-medium wp-image-93602\" src=\"https:\/\/www.sudoestehoje.com.br\/novoportal\/wp-content\/uploads\/2021\/03\/upa-1-500x339.jpeg\" alt=\"\" width=\"500\" height=\"339\" srcset=\"https:\/\/www.sudoestehoje.com.br\/novoportal\/wp-content\/uploads\/2021\/03\/upa-1-500x339.jpeg 500w, https:\/\/www.sudoestehoje.com.br\/novoportal\/wp-content\/uploads\/2021\/03\/upa-1.jpeg 663w\" sizes=\"auto, (max-width: 500px) 100vw, 500px\" \/><\/a><\/p>\n<p><strong>Nesta segunda-feira (8), foram registrados mais 3 \u00f3bitos por Covid-19 em Itapetinga, de acordo com informa\u00e7\u00f5es colhidas pelo Sudoeste Hoje, junto a setores da sa\u00fade no munic\u00edpio, fato preocupante que demonstra o crescimento da pandemia na cidade e regi\u00e3o.<\/strong><\/p>\n<p><strong>De acordo com fontes do blog, mais tr\u00eas pacientes, em estado grav\u00edssimo, aguardam regula\u00e7\u00e3o para hospitais de Vit\u00f3ria da Conquista ou outra localidade, j\u00e1 que Itapetinga n\u00e3o disp\u00f5e de leitos especializados para o tratamento da Covid-19. Um dos pacientes, inclusive, j\u00e1 estaria entubado.<\/strong><\/p>\n<p><strong>O agravamento da pandemia em Itapetinga se agravou com a chegada de novas variantes do v\u00edrus e o relaxamento por parte da popula\u00e7\u00e3o jovem, que n\u00e3o vem cumprindo as medidas de distanciamento, fomentando aglomera\u00e7\u00f5es sem uso de m\u00e1scaras, em festa, bares e praias, nos finais de semana e feriad\u00f5es.<\/strong><\/p>\n<p><strong><em>Por Davi Ferraz<\/em><\/strong><\/p>\n","protected":false},"excerpt":{"rendered":"<p>Nesta segunda-feira (8), foram registrados mais 3 \u00f3bitos por Covid-19 em Itapetinga, de acordo com informa\u00e7\u00f5es colhidas pelo Sudoeste Hoje, junto a setores da sa\u00fade no munic\u00edpio, fato preocupante que demonstra o crescimento da pandemia na cidade e regi\u00e3o. De acordo com fontes do blog, mais tr\u00eas pacientes, em estado grav\u00edssimo, aguardam regula\u00e7\u00e3o para hospitais [&hellip;]<\/p>\n","protected":false},"author":2,"featured_media":93602,"comment_status":"open","ping_status":"open","sticky":false,"template":"","format":"standard","meta":{"footnotes":"","_links_to":"","_links_to_target":""},"categories":[1],"tags":[],"class_list":["post-93601","post","type-post","status-publish","format-standard","has-post-thumbnail","hentry","category-geral"],"views":1179,"_links":{"self":[{"href":"https:\/\/www.sudoestehoje.com.br\/novoportal\/wp-json\/wp\/v2\/posts\/93601","targetHints":{"allow":["GET"]}}],"collection":[{"href":"https:\/\/www.sudoestehoje.com.br\/novoportal\/wp-json\/wp\/v2\/posts"}],"about":[{"href":"https:\/\/www.sudoestehoje.com.br\/novoportal\/wp-json\/wp\/v2\/types\/post"}],"author":[{"embeddable":true,"href":"https:\/\/www.sudoestehoje.com.br\/novoportal\/wp-json\/wp\/v2\/users\/2"}],"replies":[{"embeddable":true,"href":"https:\/\/www.sudoestehoje.com.br\/novoportal\/wp-json\/wp\/v2\/comments?post=93601"}],"version-history":[{"count":2,"href":"https:\/\/www.sudoestehoje.com.br\/novoportal\/wp-json\/wp\/v2\/posts\/93601\/revisions"}],"predecessor-version":[{"id":93604,"href":"https:\/\/www.sudoestehoje.com.br\/novoportal\/wp-json\/wp\/v2\/posts\/93601\/revisions\/93604"}],"wp:featuredmedia":[{"embeddable":true,"href":"https:\/\/www.sudoestehoje.com.br\/novoportal\/wp-json\/wp\/v2\/media\/93602"}],"wp:attachment":[{"href":"https:\/\/www.sudoestehoje.com.br\/novoportal\/wp-json\/wp\/v2\/media?parent=93601"}],"wp:term":[{"taxonomy":"category","embeddable":true,"href":"https:\/\/www.sudoestehoje.com.br\/novoportal\/wp-json\/wp\/v2\/categories?post=93601"},{"taxonomy":"post_tag","embeddable":true,"href":"https:\/\/www.sudoestehoje.com.br\/novoportal\/wp-json\/wp\/v2\/tags?post=93601"}],"curies":[{"name":"wp","href":"https:\/\/api.w.org\/{rel}","templated":true}]}}